{"id":2076,"date":"2023-04-10T20:06:24","date_gmt":"2023-04-10T20:06:24","guid":{"rendered":"https:\/\/neigeinterieure.fr\/?p=2076"},"modified":"2023-04-10T20:06:25","modified_gmt":"2023-04-10T20:06:25","slug":"vendredi-10-avril-nantes","status":"publish","type":"post","link":"https:\/\/neigeinterieure.fr\/?p=2076","title":{"rendered":"Vendredi 10 avril, Nantes"},"content":{"rendered":"<p>Vu <em>Rebels of the Neon God<\/em> de Tsai Ming-liang en fin d\u2019apr\u00e8s-midi au Katorza\u00a0; seul, n\u2019ayant trouv\u00e9 aucun partenaire. Paul, \u00e9videmment, \u00e9tait injoignable (en plus il est avec Petit-Fruict-<!--more-->des-Bois)\u00a0; Ermold, lui, serait bien venu, mais il \u00e9tait enferm\u00e9 \u00e0 faire du M\u00e9dia 100, un projet ultra-secret et \u00ab\u00a0<em>vraiment ultime<\/em>\u00a0\u00bb comme d\u2019habitude (je l\u2019ai ensuite appris au caf\u00e9 o\u00f9 il n\u2019a quand m\u00eame pas pu s\u2019emp\u00eacher de venir\u00a0: un montage avec Sorin et le Minotaure). Bon film, sans \u00eatre extraordinaire\u00a0; quelques jeunes qui glandouillent, un r\u00e9cit lacunaire \u2014 l\u2019ordinaire du film ta\u00efwanais. Le meilleur est le titre, qui aurait pu laisser augurer plus impressionnant.<\/p>\n<p>En sortant, je suis pass\u00e9 chez Marie-Charlotte, qui gardait pour la journ\u00e9e sa petite ni\u00e8ce, puis j\u2019ai pass\u00e9 des coups de fils pour le weekend \u00e0 Brest depuis une cabine place Royale. Arnaud ne viendra pas, ni Joris, ce qui me d\u00e9\u00e7oit ; mais c\u2019\u00e9tait \u00e0 pr\u00e9voir, il revient juste de Paris, o\u00f9 il a montr\u00e9 le second volet de sn film \u00e0 un petit festival underground aux Beaux-Arts, il est dans \u00ab un trip assez rock \u00bb, et n\u2019a pas envie d\u2019en descendre tout de suite. Ce qui est bien, c\u2019est qu\u2019il semble dans une spirale ascendante, qui devrait lui donner encore plus l\u2019\u00e9nergie de se donner au cin\u00e9ma et de se lib\u00e9rer des contraintes de <em>s\u00e9rieux<\/em> qui nous entravent si souvent (comme P\u00e8re et Paul dans ce qu\u2019ils font). Je l\u2019envie.<\/p>\n<p>Pour le reste, une fin de soir\u00e9e moins calamiteuse que ne le laissait pr\u00e9voir le d\u00e9but un peu chaotique.<\/p>\n\n\n<figure class=\"wp-block-embed is-type-video is-provider-youtube wp-block-embed-youtube wp-embed-aspect-16-9 wp-has-aspect-ratio\"><div class=\"wp-block-embed__wrapper\">\n<iframe title=\"REBELS OF THE NEON GOD Trailer | TIFF 2021\" width=\"584\" height=\"329\" src=\"https:\/\/www.youtube.com\/embed\/fCUDA-cywrE?feature=oembed\" frameborder=\"0\" allow=\"accelerometer; autoplay; clipboard-write; encrypted-media; gyroscope; picture-in-picture; web-share\" referrerpolicy=\"strict-origin-when-cross-origin\" allowfullscreen><\/iframe>\n<\/div><\/figure>\n","protected":false},"excerpt":{"rendered":"<p>Vu Rebels of the Neon God de Tsai Ming-liang en fin d\u2019apr\u00e8s-midi au Katorza\u00a0; seul, n\u2019ayant trouv\u00e9 aucun partenaire. Paul, \u00e9videmment, \u00e9tait injoignable (en plus il est avec Petit-Fruict-<\/p>\n","protected":false},"author":1,"featured_media":0,"comment_status":"closed","ping_status":"open","sticky":false,"template":"","format":"standard","meta":{"om_disable_all_campaigns":false,"_monsterinsights_skip_tracking":false,"footnotes":""},"categories":[8],"tags":[],"class_list":["post-2076","post","type-post","status-publish","format-standard","hentry","category-notesxvi"],"aioseo_notices":[],"aioseo_head":"\n\t\t<!-- All in One SEO 5.0.1.1 - aioseo.com -->\n\t<meta name=\"description\" content=\"Vu Rebels of the Neon God de Tsai Ming-liang en fin d\u2019apr\u00e8s-midi au Katorza ; seul, n\u2019ayant trouv\u00e9 aucun partenaire. Paul, \u00e9videmment, \u00e9tait injoignable (en plus il est avec Petit-Fruict-des-Bois) ; Ermold, lui, serait bien venu, mais il \u00e9tait enferm\u00e9 \u00e0 faire du M\u00e9dia 100, un projet ultra-secret et \u00ab vraiment ultime \u00bb comme d\u2019habitude (je l\u2019ai ensuite appris\" \/>\n\t<meta name=\"robots\" content=\"max-image-preview:large\" \/>\n\t<meta name=\"author\" content=\"Fran\u00e7ois Balogh\"\/>\n\t<link rel=\"canonical\" href=\"https:\/\/neigeinterieure.fr\/?p=2076\" \/>\n\t<meta name=\"generator\" content=\"All in One SEO (AIOSEO) 5.0.1.1\" \/>\n\t\t<meta property=\"og:locale\" content=\"fr_FR\" \/>\n\t\t<meta property=\"og:site_name\" content=\"Neige int\u00e9rieure - les carnets de Fran\u00e7ois Balogh\" \/>\n\t\t<meta property=\"og:type\" content=\"article\" \/>\n\t\t<meta property=\"og:title\" content=\"Vendredi 10 avril, Nantes - Neige int\u00e9rieure\" \/>\n\t\t<meta property=\"og:description\" content=\"Vu Rebels of the Neon God de Tsai Ming-liang en fin d\u2019apr\u00e8s-midi au Katorza ; seul, n\u2019ayant trouv\u00e9 aucun partenaire. Paul, \u00e9videmment, \u00e9tait injoignable (en plus il est avec Petit-Fruict-des-Bois) ; Ermold, lui, serait bien venu, mais il \u00e9tait enferm\u00e9 \u00e0 faire du M\u00e9dia 100, un projet ultra-secret et \u00ab vraiment ultime \u00bb comme d\u2019habitude (je l\u2019ai ensuite appris\" \/>\n\t\t<meta property=\"og:url\" content=\"https:\/\/neigeinterieure.fr\/?p=2076\" \/>\n\t\t<meta property=\"article:published_time\" content=\"2023-04-10T20:06:24+00:00\" \/>\n\t\t<meta property=\"article:modified_time\" content=\"2023-04-10T20:06:25+00:00\" \/>\n\t\t<meta name=\"twitter:card\" content=\"summary\" \/>\n\t\t<meta name=\"twitter:title\" content=\"Vendredi 10 avril, Nantes - Neige int\u00e9rieure\" \/>\n\t\t<meta name=\"twitter:description\" content=\"Vu Rebels of the Neon God de Tsai Ming-liang en fin d\u2019apr\u00e8s-midi au Katorza ; seul, n\u2019ayant trouv\u00e9 aucun partenaire. Paul, \u00e9videmment, \u00e9tait injoignable (en plus il est avec Petit-Fruict-des-Bois) ; Ermold, lui, serait bien venu, mais il \u00e9tait enferm\u00e9 \u00e0 faire du M\u00e9dia 100, un projet ultra-secret et \u00ab vraiment ultime \u00bb comme d\u2019habitude (je l\u2019ai ensuite appris\" \/>\n\t\t<script type=\"application\/ld+json\" class=\"aioseo-schema\">\n\t\t\t{\"@context\":\"https:\\\/\\\/schema.org\",\"@graph\":[{\"@type\":\"BlogPosting\",\"@id\":\"https:\\\/\\\/neigeinterieure.fr\\\/?p=2076#blogposting\",\"name\":\"Vendredi 10 avril, Nantes - Neige int\\u00e9rieure\",\"headline\":\"Vendredi 10 avril, Nantes\",\"author\":{\"@id\":\"https:\\\/\\\/neigeinterieure.fr\\\/?author=1#author\"},\"publisher\":{\"@id\":\"https:\\\/\\\/neigeinterieure.fr\\\/#person\"},\"image\":{\"@type\":\"ImageObject\",\"@id\":\"https:\\\/\\\/neigeinterieure.fr\\\/?p=2076#articleImage\",\"url\":\"https:\\\/\\\/secure.gravatar.com\\\/avatar\\\/3d0a4e448294fd898432b07f68e88e428274675fd33279d8b6464c84b878a547?s=96&d=mm&r=g\",\"width\":96,\"height\":96,\"caption\":\"Fran\\u00e7ois Balogh\"},\"datePublished\":\"2023-04-10T20:06:24+00:00\",\"dateModified\":\"2023-04-10T20:06:25+00:00\",\"inLanguage\":\"fr-FR\",\"mainEntityOfPage\":{\"@id\":\"https:\\\/\\\/neigeinterieure.fr\\\/?p=2076#webpage\"},\"isPartOf\":{\"@id\":\"https:\\\/\\\/neigeinterieure.fr\\\/?p=2076#webpage\"},\"articleSection\":\"notes XVI. Dans le Nouveau monde\"},{\"@type\":\"BreadcrumbList\",\"@id\":\"https:\\\/\\\/neigeinterieure.fr\\\/?p=2076#breadcrumblist\",\"itemListElement\":[{\"@type\":\"ListItem\",\"@id\":\"https:\\\/\\\/neigeinterieure.fr#listItem\",\"position\":1,\"name\":\"Home\",\"item\":\"https:\\\/\\\/neigeinterieure.fr\",\"nextItem\":{\"@type\":\"ListItem\",\"@id\":\"https:\\\/\\\/neigeinterieure.fr\\\/?cat=8#listItem\",\"name\":\"notes XVI. Dans le Nouveau monde\"}},{\"@type\":\"ListItem\",\"@id\":\"https:\\\/\\\/neigeinterieure.fr\\\/?cat=8#listItem\",\"position\":2,\"name\":\"notes XVI. Dans le Nouveau monde\",\"item\":\"https:\\\/\\\/neigeinterieure.fr\\\/?cat=8\",\"nextItem\":{\"@type\":\"ListItem\",\"@id\":\"https:\\\/\\\/neigeinterieure.fr\\\/?p=2076#listItem\",\"name\":\"Vendredi 10 avril, Nantes\"},\"previousItem\":{\"@type\":\"ListItem\",\"@id\":\"https:\\\/\\\/neigeinterieure.fr#listItem\",\"name\":\"Home\"}},{\"@type\":\"ListItem\",\"@id\":\"https:\\\/\\\/neigeinterieure.fr\\\/?p=2076#listItem\",\"position\":3,\"name\":\"Vendredi 10 avril, Nantes\",\"previousItem\":{\"@type\":\"ListItem\",\"@id\":\"https:\\\/\\\/neigeinterieure.fr\\\/?cat=8#listItem\",\"name\":\"notes XVI. Dans le Nouveau monde\"}}]},{\"@type\":\"Person\",\"@id\":\"https:\\\/\\\/neigeinterieure.fr\\\/#person\",\"name\":\"Fran\\u00e7ois Balogh\",\"image\":{\"@type\":\"ImageObject\",\"@id\":\"https:\\\/\\\/neigeinterieure.fr\\\/?p=2076#personImage\",\"url\":\"https:\\\/\\\/secure.gravatar.com\\\/avatar\\\/3d0a4e448294fd898432b07f68e88e428274675fd33279d8b6464c84b878a547?s=96&d=mm&r=g\",\"width\":96,\"height\":96,\"caption\":\"Fran\\u00e7ois Balogh\"}},{\"@type\":\"Person\",\"@id\":\"https:\\\/\\\/neigeinterieure.fr\\\/?author=1#author\",\"url\":\"https:\\\/\\\/neigeinterieure.fr\\\/?author=1\",\"name\":\"Fran\\u00e7ois Balogh\",\"image\":{\"@type\":\"ImageObject\",\"@id\":\"https:\\\/\\\/neigeinterieure.fr\\\/?p=2076#authorImage\",\"url\":\"https:\\\/\\\/secure.gravatar.com\\\/avatar\\\/3d0a4e448294fd898432b07f68e88e428274675fd33279d8b6464c84b878a547?s=96&d=mm&r=g\",\"width\":96,\"height\":96,\"caption\":\"Fran\\u00e7ois Balogh\"}},{\"@type\":\"WebPage\",\"@id\":\"https:\\\/\\\/neigeinterieure.fr\\\/?p=2076#webpage\",\"url\":\"https:\\\/\\\/neigeinterieure.fr\\\/?p=2076\",\"name\":\"Vendredi 10 avril, Nantes - Neige int\\u00e9rieure\",\"description\":\"Vu Rebels of the Neon God de Tsai Ming-liang en fin d\\u2019apr\\u00e8s-midi au Katorza ; seul, n\\u2019ayant trouv\\u00e9 aucun partenaire. Paul, \\u00e9videmment, \\u00e9tait injoignable (en plus il est avec Petit-Fruict-des-Bois) ; Ermold, lui, serait bien venu, mais il \\u00e9tait enferm\\u00e9 \\u00e0 faire du M\\u00e9dia 100, un projet ultra-secret et \\u00ab vraiment ultime \\u00bb comme d\\u2019habitude (je l\\u2019ai ensuite appris\",\"inLanguage\":\"fr-FR\",\"isPartOf\":{\"@id\":\"https:\\\/\\\/neigeinterieure.fr\\\/#website\"},\"breadcrumb\":{\"@id\":\"https:\\\/\\\/neigeinterieure.fr\\\/?p=2076#breadcrumblist\"},\"author\":{\"@id\":\"https:\\\/\\\/neigeinterieure.fr\\\/?author=1#author\"},\"creator\":{\"@id\":\"https:\\\/\\\/neigeinterieure.fr\\\/?author=1#author\"},\"datePublished\":\"2023-04-10T20:06:24+00:00\",\"dateModified\":\"2023-04-10T20:06:25+00:00\"},{\"@type\":\"WebSite\",\"@id\":\"https:\\\/\\\/neigeinterieure.fr\\\/#website\",\"url\":\"https:\\\/\\\/neigeinterieure.fr\\\/\",\"name\":\"Neige int\\u00e9rieure\",\"description\":\"les carnets de Fran\\u00e7ois Balogh\",\"inLanguage\":\"fr-FR\",\"publisher\":{\"@id\":\"https:\\\/\\\/neigeinterieure.fr\\\/#person\"}}]}\n\t\t<\/script>\n\t\t<!-- All in One SEO -->\n\n","aioseo_head_json":{"title":"Vendredi 10 avril, Nantes - Neige int\u00e9rieure","description":"Vu Rebels of the Neon God de Tsai Ming-liang en fin d\u2019apr\u00e8s-midi au Katorza ; seul, n\u2019ayant trouv\u00e9 aucun partenaire. Paul, \u00e9videmment, \u00e9tait injoignable (en plus il est avec Petit-Fruict-des-Bois) ; Ermold, lui, serait bien venu, mais il \u00e9tait enferm\u00e9 \u00e0 faire du M\u00e9dia 100, un projet ultra-secret et \u00ab vraiment ultime \u00bb comme d\u2019habitude (je l\u2019ai ensuite appris","canonical_url":"https:\/\/neigeinterieure.fr\/?p=2076","robots":"max-image-preview:large","keywords":"","webmasterTools":{"miscellaneous":""},"schema":{"@context":"https:\/\/schema.org","@graph":[{"@type":"BlogPosting","@id":"https:\/\/neigeinterieure.fr\/?p=2076#blogposting","name":"Vendredi 10 avril, Nantes - Neige int\u00e9rieure","headline":"Vendredi 10 avril, Nantes","author":{"@id":"https:\/\/neigeinterieure.fr\/?author=1#author"},"publisher":{"@id":"https:\/\/neigeinterieure.fr\/#person"},"image":{"@type":"ImageObject","@id":"https:\/\/neigeinterieure.fr\/?p=2076#articleImage","url":"https:\/\/secure.gravatar.com\/avatar\/3d0a4e448294fd898432b07f68e88e428274675fd33279d8b6464c84b878a547?s=96&d=mm&r=g","width":96,"height":96,"caption":"Fran\u00e7ois Balogh"},"datePublished":"2023-04-10T20:06:24+00:00","dateModified":"2023-04-10T20:06:25+00:00","inLanguage":"fr-FR","mainEntityOfPage":{"@id":"https:\/\/neigeinterieure.fr\/?p=2076#webpage"},"isPartOf":{"@id":"https:\/\/neigeinterieure.fr\/?p=2076#webpage"},"articleSection":"notes XVI. Dans le Nouveau monde"},{"@type":"BreadcrumbList","@id":"https:\/\/neigeinterieure.fr\/?p=2076#breadcrumblist","itemListElement":[{"@type":"ListItem","@id":"https:\/\/neigeinterieure.fr#listItem","position":1,"name":"Home","item":"https:\/\/neigeinterieure.fr","nextItem":{"@type":"ListItem","@id":"https:\/\/neigeinterieure.fr\/?cat=8#listItem","name":"notes XVI. Dans le Nouveau monde"}},{"@type":"ListItem","@id":"https:\/\/neigeinterieure.fr\/?cat=8#listItem","position":2,"name":"notes XVI. Dans le Nouveau monde","item":"https:\/\/neigeinterieure.fr\/?cat=8","nextItem":{"@type":"ListItem","@id":"https:\/\/neigeinterieure.fr\/?p=2076#listItem","name":"Vendredi 10 avril, Nantes"},"previousItem":{"@type":"ListItem","@id":"https:\/\/neigeinterieure.fr#listItem","name":"Home"}},{"@type":"ListItem","@id":"https:\/\/neigeinterieure.fr\/?p=2076#listItem","position":3,"name":"Vendredi 10 avril, Nantes","previousItem":{"@type":"ListItem","@id":"https:\/\/neigeinterieure.fr\/?cat=8#listItem","name":"notes XVI. Dans le Nouveau monde"}}]},{"@type":"Person","@id":"https:\/\/neigeinterieure.fr\/#person","name":"Fran\u00e7ois Balogh","image":{"@type":"ImageObject","@id":"https:\/\/neigeinterieure.fr\/?p=2076#personImage","url":"https:\/\/secure.gravatar.com\/avatar\/3d0a4e448294fd898432b07f68e88e428274675fd33279d8b6464c84b878a547?s=96&d=mm&r=g","width":96,"height":96,"caption":"Fran\u00e7ois Balogh"}},{"@type":"Person","@id":"https:\/\/neigeinterieure.fr\/?author=1#author","url":"https:\/\/neigeinterieure.fr\/?author=1","name":"Fran\u00e7ois Balogh","image":{"@type":"ImageObject","@id":"https:\/\/neigeinterieure.fr\/?p=2076#authorImage","url":"https:\/\/secure.gravatar.com\/avatar\/3d0a4e448294fd898432b07f68e88e428274675fd33279d8b6464c84b878a547?s=96&d=mm&r=g","width":96,"height":96,"caption":"Fran\u00e7ois Balogh"}},{"@type":"WebPage","@id":"https:\/\/neigeinterieure.fr\/?p=2076#webpage","url":"https:\/\/neigeinterieure.fr\/?p=2076","name":"Vendredi 10 avril, Nantes - Neige int\u00e9rieure","description":"Vu Rebels of the Neon God de Tsai Ming-liang en fin d\u2019apr\u00e8s-midi au Katorza ; seul, n\u2019ayant trouv\u00e9 aucun partenaire. Paul, \u00e9videmment, \u00e9tait injoignable (en plus il est avec Petit-Fruict-des-Bois) ; Ermold, lui, serait bien venu, mais il \u00e9tait enferm\u00e9 \u00e0 faire du M\u00e9dia 100, un projet ultra-secret et \u00ab vraiment ultime \u00bb comme d\u2019habitude (je l\u2019ai ensuite appris","inLanguage":"fr-FR","isPartOf":{"@id":"https:\/\/neigeinterieure.fr\/#website"},"breadcrumb":{"@id":"https:\/\/neigeinterieure.fr\/?p=2076#breadcrumblist"},"author":{"@id":"https:\/\/neigeinterieure.fr\/?author=1#author"},"creator":{"@id":"https:\/\/neigeinterieure.fr\/?author=1#author"},"datePublished":"2023-04-10T20:06:24+00:00","dateModified":"2023-04-10T20:06:25+00:00"},{"@type":"WebSite","@id":"https:\/\/neigeinterieure.fr\/#website","url":"https:\/\/neigeinterieure.fr\/","name":"Neige int\u00e9rieure","description":"les carnets de Fran\u00e7ois Balogh","inLanguage":"fr-FR","publisher":{"@id":"https:\/\/neigeinterieure.fr\/#person"}}]},"og:locale":"fr_FR","og:site_name":"Neige int\u00e9rieure - les carnets de Fran\u00e7ois Balogh","og:type":"article","og:title":"Vendredi 10 avril, Nantes - Neige int\u00e9rieure","og:description":"Vu Rebels of the Neon God de Tsai Ming-liang en fin d\u2019apr\u00e8s-midi au Katorza ; seul, n\u2019ayant trouv\u00e9 aucun partenaire. Paul, \u00e9videmment, \u00e9tait injoignable (en plus il est avec Petit-Fruict-des-Bois) ; Ermold, lui, serait bien venu, mais il \u00e9tait enferm\u00e9 \u00e0 faire du M\u00e9dia 100, un projet ultra-secret et \u00ab vraiment ultime \u00bb comme d\u2019habitude (je l\u2019ai ensuite appris","og:url":"https:\/\/neigeinterieure.fr\/?p=2076","article:published_time":"2023-04-10T20:06:24+00:00","article:modified_time":"2023-04-10T20:06:25+00:00","twitter:card":"summary","twitter:title":"Vendredi 10 avril, Nantes - Neige int\u00e9rieure","twitter:description":"Vu Rebels of the Neon God de Tsai Ming-liang en fin d\u2019apr\u00e8s-midi au Katorza ; seul, n\u2019ayant trouv\u00e9 aucun partenaire. Paul, \u00e9videmment, \u00e9tait injoignable (en plus il est avec Petit-Fruict-des-Bois) ; Ermold, lui, serait bien venu, mais il \u00e9tait enferm\u00e9 \u00e0 faire du M\u00e9dia 100, un projet ultra-secret et \u00ab vraiment ultime \u00bb comme d\u2019habitude (je l\u2019ai ensuite appris"},"aioseo_meta_data":{"post_id":"2076","title":null,"description":null,"keywords":[],"keyphrases":{"focus":{"keyphrase":"","score":0,"analysis":{"keyphraseInTitle":{"score":0,"maxScore":9,"error":1}}},"additional":[]},"primary_term":null,"canonical_url":null,"og_title":null,"og_description":null,"og_object_type":"default","og_image_type":"default","og_image_url":null,"og_image_width":null,"og_image_height":null,"og_image_custom_url":null,"og_image_custom_fields":null,"og_video":"","og_custom_url":null,"og_article_section":null,"og_article_tags":[],"twitter_use_og":false,"twitter_card":"default","twitter_image_type":"default","twitter_image_url":null,"twitter_image_custom_url":null,"twitter_image_custom_fields":null,"twitter_title":null,"twitter_description":null,"schema":{"blockGraphs":[],"customGraphs":[],"default":{"data":{"Article":[],"Course":[],"Dataset":[],"FAQPage":[],"Movie":[],"Person":[],"Product":[],"ProductReview":[],"Car":[],"Recipe":[],"Service":[],"SoftwareApplication":[],"WebPage":[]},"graphName":"BlogPosting","isEnabled":true},"graphs":[]},"schema_type":"default","schema_type_options":null,"pillar_content":false,"robots_default":true,"robots_noindex":false,"robots_noarchive":false,"robots_nosnippet":false,"robots_nofollow":false,"robots_noimageindex":false,"robots_noodp":false,"robots_notranslate":false,"robots_max_snippet":"-1","robots_max_videopreview":"-1","robots_max_imagepreview":"large","priority":null,"frequency":"default","local_seo":null,"breadcrumb_settings":null,"limit_modified_date":false,"ai":null,"created":"2023-04-10 20:06:25","updated":"2025-06-05 09:48:28","seo_analyzer_scan_date":null,"focus_keyword":null,"additional_keywords":null,"truseo_locale":null},"aioseo_breadcrumb":"<div class=\"aioseo-breadcrumbs\"><span class=\"aioseo-breadcrumb\">\n\t\t\t<a href=\"https:\/\/neigeinterieure.fr\" title=\"Home\">Home<\/a>\n\t\t<\/span><span class=\"aioseo-breadcrumb-separator\">&raquo;<\/span><span class=\"aioseo-breadcrumb\">\n\t\t\t<a href=\"https:\/\/neigeinterieure.fr\/?cat=8\" title=\"notes XVI. Dans le Nouveau monde\">notes XVI. Dans le Nouveau monde<\/a>\n\t\t<\/span><span class=\"aioseo-breadcrumb-separator\">&raquo;<\/span><span class=\"aioseo-breadcrumb\">\n\t\t\tVendredi 10 avril, Nantes\n\t\t<\/span><\/div>","aioseo_breadcrumb_json":[{"label":"Home","link":"https:\/\/neigeinterieure.fr"},{"label":"notes XVI. Dans le Nouveau monde","link":"https:\/\/neigeinterieure.fr\/?cat=8"},{"label":"Vendredi 10 avril, Nantes","link":"https:\/\/neigeinterieure.fr\/?p=2076"}],"_links":{"self":[{"href":"https:\/\/neigeinterieure.fr\/index.php?rest_route=\/wp\/v2\/posts\/2076","targetHints":{"allow":["GET"]}}],"collection":[{"href":"https:\/\/neigeinterieure.fr\/index.php?rest_route=\/wp\/v2\/posts"}],"about":[{"href":"https:\/\/neigeinterieure.fr\/index.php?rest_route=\/wp\/v2\/types\/post"}],"author":[{"embeddable":true,"href":"https:\/\/neigeinterieure.fr\/index.php?rest_route=\/wp\/v2\/users\/1"}],"replies":[{"embeddable":true,"href":"https:\/\/neigeinterieure.fr\/index.php?rest_route=%2Fwp%2Fv2%2Fcomments&post=2076"}],"version-history":[{"count":1,"href":"https:\/\/neigeinterieure.fr\/index.php?rest_route=\/wp\/v2\/posts\/2076\/revisions"}],"predecessor-version":[{"id":2077,"href":"https:\/\/neigeinterieure.fr\/index.php?rest_route=\/wp\/v2\/posts\/2076\/revisions\/2077"}],"wp:attachment":[{"href":"https:\/\/neigeinterieure.fr\/index.php?rest_route=%2Fwp%2Fv2%2Fmedia&parent=2076"}],"wp:term":[{"taxonomy":"category","embeddable":true,"href":"https:\/\/neigeinterieure.fr\/index.php?rest_route=%2Fwp%2Fv2%2Fcategories&post=2076"},{"taxonomy":"post_tag","embeddable":true,"href":"https:\/\/neigeinterieure.fr\/index.php?rest_route=%2Fwp%2Fv2%2Ftags&post=2076"}],"curies":[{"name":"wp","href":"https:\/\/api.w.org\/{rel}","templated":true}]}}