{"id":2388,"date":"2023-10-25T07:31:56","date_gmt":"2023-10-25T07:31:56","guid":{"rendered":"https:\/\/neigeinterieure.fr\/?p=2388"},"modified":"2023-10-25T07:32:10","modified_gmt":"2023-10-25T07:32:10","slug":"dimanche-25-octobre","status":"publish","type":"post","link":"https:\/\/neigeinterieure.fr\/?p=2388","title":{"rendered":"Dimanche 25 octobre"},"content":{"rendered":"<p>Mal remis du d\u00eener \u00e9ternis\u00e9 hier soir chez C\u00e9dric et Cathy \u00e0 Trentemoult, je voulais rester seul. Mais passent Adeline et Fred, qui \u00e9taient au cin\u00e9ma\u00a0: un verre dans un Saguaro bond\u00e9 et enfum\u00e9<!--more--> (o\u00f9 j\u2019ai maintenant du mal \u00e0 emmener une autre compagnie que les trainailloux avec qui j\u2019y ai mes habitudes). Discussion s\u00e9rieuse (mais sais-je \u00eatre autre chose que beaucoup trop s\u00e9rieux\u00a0?) et passage en revue de ce que deviennent nos amis\u00a0; j\u2019avais l\u2019impression d\u2019\u00eatre le chef d\u2019orchestre de la conversation, d\u2019o\u00f9 le tour qu\u2019elle a pris.<\/p>\n","protected":false},"excerpt":{"rendered":"<p>Mal remis du d\u00eener \u00e9ternis\u00e9 hier soir chez C\u00e9dric et Cathy \u00e0 Trentemoult, je voulais rester seul. Mais passent Adeline et Fred, qui \u00e9taient au cin\u00e9ma\u00a0: un verre dans un Saguaro bond\u00e9 et enfum\u00e9<\/p>\n","protected":false},"author":1,"featured_media":0,"comment_status":"closed","ping_status":"open","sticky":false,"template":"","format":"standard","meta":{"om_disable_all_campaigns":false,"_monsterinsights_skip_tracking":false,"footnotes":""},"categories":[8],"tags":[],"class_list":["post-2388","post","type-post","status-publish","format-standard","hentry","category-notesxvi"],"aioseo_notices":[],"aioseo_head":"\n\t\t<!-- All in One SEO 5.0.1.1 - aioseo.com -->\n\t<meta name=\"description\" content=\"Mal remis du d\u00eener \u00e9ternis\u00e9 hier soir chez C\u00e9dric et Cathy \u00e0 Trentemoult, je voulais rester seul. Mais passent Adeline et Fred, qui \u00e9taient au cin\u00e9ma : un verre dans un Saguaro bond\u00e9 et enfum\u00e9 (o\u00f9 j\u2019ai maintenant du mal \u00e0 emmener une autre compagnie que les trainailloux avec qui j\u2019y ai mes habitudes). Discussion s\u00e9rieuse\" \/>\n\t<meta name=\"robots\" content=\"max-image-preview:large\" \/>\n\t<meta name=\"author\" content=\"Fran\u00e7ois Balogh\"\/>\n\t<link rel=\"canonical\" href=\"https:\/\/neigeinterieure.fr\/?p=2388\" \/>\n\t<meta name=\"generator\" content=\"All in One SEO (AIOSEO) 5.0.1.1\" \/>\n\t\t<meta property=\"og:locale\" content=\"fr_FR\" \/>\n\t\t<meta property=\"og:site_name\" content=\"Neige int\u00e9rieure - les carnets de Fran\u00e7ois Balogh\" \/>\n\t\t<meta property=\"og:type\" content=\"article\" \/>\n\t\t<meta property=\"og:title\" content=\"Dimanche 25 octobre - Neige int\u00e9rieure\" \/>\n\t\t<meta property=\"og:description\" content=\"Mal remis du d\u00eener \u00e9ternis\u00e9 hier soir chez C\u00e9dric et Cathy \u00e0 Trentemoult, je voulais rester seul. Mais passent Adeline et Fred, qui \u00e9taient au cin\u00e9ma : un verre dans un Saguaro bond\u00e9 et enfum\u00e9 (o\u00f9 j\u2019ai maintenant du mal \u00e0 emmener une autre compagnie que les trainailloux avec qui j\u2019y ai mes habitudes). Discussion s\u00e9rieuse\" \/>\n\t\t<meta property=\"og:url\" content=\"https:\/\/neigeinterieure.fr\/?p=2388\" \/>\n\t\t<meta property=\"article:published_time\" content=\"2023-10-25T07:31:56+00:00\" \/>\n\t\t<meta property=\"article:modified_time\" content=\"2023-10-25T07:32:10+00:00\" \/>\n\t\t<meta name=\"twitter:card\" content=\"summary\" \/>\n\t\t<meta name=\"twitter:title\" content=\"Dimanche 25 octobre - Neige int\u00e9rieure\" \/>\n\t\t<meta name=\"twitter:description\" content=\"Mal remis du d\u00eener \u00e9ternis\u00e9 hier soir chez C\u00e9dric et Cathy \u00e0 Trentemoult, je voulais rester seul. Mais passent Adeline et Fred, qui \u00e9taient au cin\u00e9ma : un verre dans un Saguaro bond\u00e9 et enfum\u00e9 (o\u00f9 j\u2019ai maintenant du mal \u00e0 emmener une autre compagnie que les trainailloux avec qui j\u2019y ai mes habitudes). Discussion s\u00e9rieuse\" \/>\n\t\t<script type=\"application\/ld+json\" class=\"aioseo-schema\">\n\t\t\t{\"@context\":\"https:\\\/\\\/schema.org\",\"@graph\":[{\"@type\":\"BlogPosting\",\"@id\":\"https:\\\/\\\/neigeinterieure.fr\\\/?p=2388#blogposting\",\"name\":\"Dimanche 25 octobre - Neige int\\u00e9rieure\",\"headline\":\"Dimanche 25 octobre\",\"author\":{\"@id\":\"https:\\\/\\\/neigeinterieure.fr\\\/?author=1#author\"},\"publisher\":{\"@id\":\"https:\\\/\\\/neigeinterieure.fr\\\/#person\"},\"image\":{\"@type\":\"ImageObject\",\"@id\":\"https:\\\/\\\/neigeinterieure.fr\\\/?p=2388#articleImage\",\"url\":\"https:\\\/\\\/secure.gravatar.com\\\/avatar\\\/3d0a4e448294fd898432b07f68e88e428274675fd33279d8b6464c84b878a547?s=96&d=mm&r=g\",\"width\":96,\"height\":96,\"caption\":\"Fran\\u00e7ois Balogh\"},\"datePublished\":\"2023-10-25T07:31:56+00:00\",\"dateModified\":\"2023-10-25T07:32:10+00:00\",\"inLanguage\":\"fr-FR\",\"mainEntityOfPage\":{\"@id\":\"https:\\\/\\\/neigeinterieure.fr\\\/?p=2388#webpage\"},\"isPartOf\":{\"@id\":\"https:\\\/\\\/neigeinterieure.fr\\\/?p=2388#webpage\"},\"articleSection\":\"notes XVI. Dans le Nouveau monde\"},{\"@type\":\"BreadcrumbList\",\"@id\":\"https:\\\/\\\/neigeinterieure.fr\\\/?p=2388#breadcrumblist\",\"itemListElement\":[{\"@type\":\"ListItem\",\"@id\":\"https:\\\/\\\/neigeinterieure.fr#listItem\",\"position\":1,\"name\":\"Home\",\"item\":\"https:\\\/\\\/neigeinterieure.fr\",\"nextItem\":{\"@type\":\"ListItem\",\"@id\":\"https:\\\/\\\/neigeinterieure.fr\\\/?cat=8#listItem\",\"name\":\"notes XVI. Dans le Nouveau monde\"}},{\"@type\":\"ListItem\",\"@id\":\"https:\\\/\\\/neigeinterieure.fr\\\/?cat=8#listItem\",\"position\":2,\"name\":\"notes XVI. Dans le Nouveau monde\",\"item\":\"https:\\\/\\\/neigeinterieure.fr\\\/?cat=8\",\"nextItem\":{\"@type\":\"ListItem\",\"@id\":\"https:\\\/\\\/neigeinterieure.fr\\\/?p=2388#listItem\",\"name\":\"Dimanche 25 octobre\"},\"previousItem\":{\"@type\":\"ListItem\",\"@id\":\"https:\\\/\\\/neigeinterieure.fr#listItem\",\"name\":\"Home\"}},{\"@type\":\"ListItem\",\"@id\":\"https:\\\/\\\/neigeinterieure.fr\\\/?p=2388#listItem\",\"position\":3,\"name\":\"Dimanche 25 octobre\",\"previousItem\":{\"@type\":\"ListItem\",\"@id\":\"https:\\\/\\\/neigeinterieure.fr\\\/?cat=8#listItem\",\"name\":\"notes XVI. Dans le Nouveau monde\"}}]},{\"@type\":\"Person\",\"@id\":\"https:\\\/\\\/neigeinterieure.fr\\\/#person\",\"name\":\"Fran\\u00e7ois Balogh\",\"image\":{\"@type\":\"ImageObject\",\"@id\":\"https:\\\/\\\/neigeinterieure.fr\\\/?p=2388#personImage\",\"url\":\"https:\\\/\\\/secure.gravatar.com\\\/avatar\\\/3d0a4e448294fd898432b07f68e88e428274675fd33279d8b6464c84b878a547?s=96&d=mm&r=g\",\"width\":96,\"height\":96,\"caption\":\"Fran\\u00e7ois Balogh\"}},{\"@type\":\"Person\",\"@id\":\"https:\\\/\\\/neigeinterieure.fr\\\/?author=1#author\",\"url\":\"https:\\\/\\\/neigeinterieure.fr\\\/?author=1\",\"name\":\"Fran\\u00e7ois Balogh\",\"image\":{\"@type\":\"ImageObject\",\"@id\":\"https:\\\/\\\/neigeinterieure.fr\\\/?p=2388#authorImage\",\"url\":\"https:\\\/\\\/secure.gravatar.com\\\/avatar\\\/3d0a4e448294fd898432b07f68e88e428274675fd33279d8b6464c84b878a547?s=96&d=mm&r=g\",\"width\":96,\"height\":96,\"caption\":\"Fran\\u00e7ois Balogh\"}},{\"@type\":\"WebPage\",\"@id\":\"https:\\\/\\\/neigeinterieure.fr\\\/?p=2388#webpage\",\"url\":\"https:\\\/\\\/neigeinterieure.fr\\\/?p=2388\",\"name\":\"Dimanche 25 octobre - Neige int\\u00e9rieure\",\"description\":\"Mal remis du d\\u00eener \\u00e9ternis\\u00e9 hier soir chez C\\u00e9dric et Cathy \\u00e0 Trentemoult, je voulais rester seul. Mais passent Adeline et Fred, qui \\u00e9taient au cin\\u00e9ma : un verre dans un Saguaro bond\\u00e9 et enfum\\u00e9 (o\\u00f9 j\\u2019ai maintenant du mal \\u00e0 emmener une autre compagnie que les trainailloux avec qui j\\u2019y ai mes habitudes). Discussion s\\u00e9rieuse\",\"inLanguage\":\"fr-FR\",\"isPartOf\":{\"@id\":\"https:\\\/\\\/neigeinterieure.fr\\\/#website\"},\"breadcrumb\":{\"@id\":\"https:\\\/\\\/neigeinterieure.fr\\\/?p=2388#breadcrumblist\"},\"author\":{\"@id\":\"https:\\\/\\\/neigeinterieure.fr\\\/?author=1#author\"},\"creator\":{\"@id\":\"https:\\\/\\\/neigeinterieure.fr\\\/?author=1#author\"},\"datePublished\":\"2023-10-25T07:31:56+00:00\",\"dateModified\":\"2023-10-25T07:32:10+00:00\"},{\"@type\":\"WebSite\",\"@id\":\"https:\\\/\\\/neigeinterieure.fr\\\/#website\",\"url\":\"https:\\\/\\\/neigeinterieure.fr\\\/\",\"name\":\"Neige int\\u00e9rieure\",\"description\":\"les carnets de Fran\\u00e7ois Balogh\",\"inLanguage\":\"fr-FR\",\"publisher\":{\"@id\":\"https:\\\/\\\/neigeinterieure.fr\\\/#person\"}}]}\n\t\t<\/script>\n\t\t<!-- All in One SEO -->\n\n","aioseo_head_json":{"title":"Dimanche 25 octobre - Neige int\u00e9rieure","description":"Mal remis du d\u00eener \u00e9ternis\u00e9 hier soir chez C\u00e9dric et Cathy \u00e0 Trentemoult, je voulais rester seul. Mais passent Adeline et Fred, qui \u00e9taient au cin\u00e9ma : un verre dans un Saguaro bond\u00e9 et enfum\u00e9 (o\u00f9 j\u2019ai maintenant du mal \u00e0 emmener une autre compagnie que les trainailloux avec qui j\u2019y ai mes habitudes). Discussion s\u00e9rieuse","canonical_url":"https:\/\/neigeinterieure.fr\/?p=2388","robots":"max-image-preview:large","keywords":"","webmasterTools":{"miscellaneous":""},"schema":{"@context":"https:\/\/schema.org","@graph":[{"@type":"BlogPosting","@id":"https:\/\/neigeinterieure.fr\/?p=2388#blogposting","name":"Dimanche 25 octobre - Neige int\u00e9rieure","headline":"Dimanche 25 octobre","author":{"@id":"https:\/\/neigeinterieure.fr\/?author=1#author"},"publisher":{"@id":"https:\/\/neigeinterieure.fr\/#person"},"image":{"@type":"ImageObject","@id":"https:\/\/neigeinterieure.fr\/?p=2388#articleImage","url":"https:\/\/secure.gravatar.com\/avatar\/3d0a4e448294fd898432b07f68e88e428274675fd33279d8b6464c84b878a547?s=96&d=mm&r=g","width":96,"height":96,"caption":"Fran\u00e7ois Balogh"},"datePublished":"2023-10-25T07:31:56+00:00","dateModified":"2023-10-25T07:32:10+00:00","inLanguage":"fr-FR","mainEntityOfPage":{"@id":"https:\/\/neigeinterieure.fr\/?p=2388#webpage"},"isPartOf":{"@id":"https:\/\/neigeinterieure.fr\/?p=2388#webpage"},"articleSection":"notes XVI. Dans le Nouveau monde"},{"@type":"BreadcrumbList","@id":"https:\/\/neigeinterieure.fr\/?p=2388#breadcrumblist","itemListElement":[{"@type":"ListItem","@id":"https:\/\/neigeinterieure.fr#listItem","position":1,"name":"Home","item":"https:\/\/neigeinterieure.fr","nextItem":{"@type":"ListItem","@id":"https:\/\/neigeinterieure.fr\/?cat=8#listItem","name":"notes XVI. Dans le Nouveau monde"}},{"@type":"ListItem","@id":"https:\/\/neigeinterieure.fr\/?cat=8#listItem","position":2,"name":"notes XVI. Dans le Nouveau monde","item":"https:\/\/neigeinterieure.fr\/?cat=8","nextItem":{"@type":"ListItem","@id":"https:\/\/neigeinterieure.fr\/?p=2388#listItem","name":"Dimanche 25 octobre"},"previousItem":{"@type":"ListItem","@id":"https:\/\/neigeinterieure.fr#listItem","name":"Home"}},{"@type":"ListItem","@id":"https:\/\/neigeinterieure.fr\/?p=2388#listItem","position":3,"name":"Dimanche 25 octobre","previousItem":{"@type":"ListItem","@id":"https:\/\/neigeinterieure.fr\/?cat=8#listItem","name":"notes XVI. Dans le Nouveau monde"}}]},{"@type":"Person","@id":"https:\/\/neigeinterieure.fr\/#person","name":"Fran\u00e7ois Balogh","image":{"@type":"ImageObject","@id":"https:\/\/neigeinterieure.fr\/?p=2388#personImage","url":"https:\/\/secure.gravatar.com\/avatar\/3d0a4e448294fd898432b07f68e88e428274675fd33279d8b6464c84b878a547?s=96&d=mm&r=g","width":96,"height":96,"caption":"Fran\u00e7ois Balogh"}},{"@type":"Person","@id":"https:\/\/neigeinterieure.fr\/?author=1#author","url":"https:\/\/neigeinterieure.fr\/?author=1","name":"Fran\u00e7ois Balogh","image":{"@type":"ImageObject","@id":"https:\/\/neigeinterieure.fr\/?p=2388#authorImage","url":"https:\/\/secure.gravatar.com\/avatar\/3d0a4e448294fd898432b07f68e88e428274675fd33279d8b6464c84b878a547?s=96&d=mm&r=g","width":96,"height":96,"caption":"Fran\u00e7ois Balogh"}},{"@type":"WebPage","@id":"https:\/\/neigeinterieure.fr\/?p=2388#webpage","url":"https:\/\/neigeinterieure.fr\/?p=2388","name":"Dimanche 25 octobre - Neige int\u00e9rieure","description":"Mal remis du d\u00eener \u00e9ternis\u00e9 hier soir chez C\u00e9dric et Cathy \u00e0 Trentemoult, je voulais rester seul. Mais passent Adeline et Fred, qui \u00e9taient au cin\u00e9ma : un verre dans un Saguaro bond\u00e9 et enfum\u00e9 (o\u00f9 j\u2019ai maintenant du mal \u00e0 emmener une autre compagnie que les trainailloux avec qui j\u2019y ai mes habitudes). Discussion s\u00e9rieuse","inLanguage":"fr-FR","isPartOf":{"@id":"https:\/\/neigeinterieure.fr\/#website"},"breadcrumb":{"@id":"https:\/\/neigeinterieure.fr\/?p=2388#breadcrumblist"},"author":{"@id":"https:\/\/neigeinterieure.fr\/?author=1#author"},"creator":{"@id":"https:\/\/neigeinterieure.fr\/?author=1#author"},"datePublished":"2023-10-25T07:31:56+00:00","dateModified":"2023-10-25T07:32:10+00:00"},{"@type":"WebSite","@id":"https:\/\/neigeinterieure.fr\/#website","url":"https:\/\/neigeinterieure.fr\/","name":"Neige int\u00e9rieure","description":"les carnets de Fran\u00e7ois Balogh","inLanguage":"fr-FR","publisher":{"@id":"https:\/\/neigeinterieure.fr\/#person"}}]},"og:locale":"fr_FR","og:site_name":"Neige int\u00e9rieure - les carnets de Fran\u00e7ois Balogh","og:type":"article","og:title":"Dimanche 25 octobre - Neige int\u00e9rieure","og:description":"Mal remis du d\u00eener \u00e9ternis\u00e9 hier soir chez C\u00e9dric et Cathy \u00e0 Trentemoult, je voulais rester seul. Mais passent Adeline et Fred, qui \u00e9taient au cin\u00e9ma : un verre dans un Saguaro bond\u00e9 et enfum\u00e9 (o\u00f9 j\u2019ai maintenant du mal \u00e0 emmener une autre compagnie que les trainailloux avec qui j\u2019y ai mes habitudes). Discussion s\u00e9rieuse","og:url":"https:\/\/neigeinterieure.fr\/?p=2388","article:published_time":"2023-10-25T07:31:56+00:00","article:modified_time":"2023-10-25T07:32:10+00:00","twitter:card":"summary","twitter:title":"Dimanche 25 octobre - Neige int\u00e9rieure","twitter:description":"Mal remis du d\u00eener \u00e9ternis\u00e9 hier soir chez C\u00e9dric et Cathy \u00e0 Trentemoult, je voulais rester seul. Mais passent Adeline et Fred, qui \u00e9taient au cin\u00e9ma : un verre dans un Saguaro bond\u00e9 et enfum\u00e9 (o\u00f9 j\u2019ai maintenant du mal \u00e0 emmener une autre compagnie que les trainailloux avec qui j\u2019y ai mes habitudes). Discussion s\u00e9rieuse"},"aioseo_meta_data":{"post_id":"2388","title":null,"description":null,"keywords":[],"keyphrases":{"focus":{"keyphrase":"","score":0,"analysis":{"keyphraseInTitle":{"score":0,"maxScore":9,"error":1}}},"additional":[]},"primary_term":null,"canonical_url":null,"og_title":null,"og_description":null,"og_object_type":"default","og_image_type":"default","og_image_url":null,"og_image_width":null,"og_image_height":null,"og_image_custom_url":null,"og_image_custom_fields":null,"og_video":"","og_custom_url":null,"og_article_section":null,"og_article_tags":[],"twitter_use_og":false,"twitter_card":"default","twitter_image_type":"default","twitter_image_url":null,"twitter_image_custom_url":null,"twitter_image_custom_fields":null,"twitter_title":null,"twitter_description":null,"schema":{"blockGraphs":[],"customGraphs":[],"default":{"data":{"Article":[],"Course":[],"Dataset":[],"FAQPage":[],"Movie":[],"Person":[],"Product":[],"ProductReview":[],"Car":[],"Recipe":[],"Service":[],"SoftwareApplication":[],"WebPage":[]},"graphName":"BlogPosting","isEnabled":true},"graphs":[]},"schema_type":"default","schema_type_options":null,"pillar_content":false,"robots_default":true,"robots_noindex":false,"robots_noarchive":false,"robots_nosnippet":false,"robots_nofollow":false,"robots_noimageindex":false,"robots_noodp":false,"robots_notranslate":false,"robots_max_snippet":"-1","robots_max_videopreview":"-1","robots_max_imagepreview":"large","priority":null,"frequency":"default","local_seo":null,"breadcrumb_settings":null,"limit_modified_date":false,"ai":null,"created":"2023-10-25 07:31:56","updated":"2025-06-05 10:13:24","seo_analyzer_scan_date":null,"focus_keyword":null,"additional_keywords":null,"truseo_locale":null},"aioseo_breadcrumb":"<div class=\"aioseo-breadcrumbs\"><span class=\"aioseo-breadcrumb\">\n\t\t\t<a href=\"https:\/\/neigeinterieure.fr\" title=\"Home\">Home<\/a>\n\t\t<\/span><span class=\"aioseo-breadcrumb-separator\">&raquo;<\/span><span class=\"aioseo-breadcrumb\">\n\t\t\t<a href=\"https:\/\/neigeinterieure.fr\/?cat=8\" title=\"notes XVI. Dans le Nouveau monde\">notes XVI. Dans le Nouveau monde<\/a>\n\t\t<\/span><span class=\"aioseo-breadcrumb-separator\">&raquo;<\/span><span class=\"aioseo-breadcrumb\">\n\t\t\tDimanche 25 octobre\n\t\t<\/span><\/div>","aioseo_breadcrumb_json":[{"label":"Home","link":"https:\/\/neigeinterieure.fr"},{"label":"notes XVI. Dans le Nouveau monde","link":"https:\/\/neigeinterieure.fr\/?cat=8"},{"label":"Dimanche 25 octobre","link":"https:\/\/neigeinterieure.fr\/?p=2388"}],"_links":{"self":[{"href":"https:\/\/neigeinterieure.fr\/index.php?rest_route=\/wp\/v2\/posts\/2388","targetHints":{"allow":["GET"]}}],"collection":[{"href":"https:\/\/neigeinterieure.fr\/index.php?rest_route=\/wp\/v2\/posts"}],"about":[{"href":"https:\/\/neigeinterieure.fr\/index.php?rest_route=\/wp\/v2\/types\/post"}],"author":[{"embeddable":true,"href":"https:\/\/neigeinterieure.fr\/index.php?rest_route=\/wp\/v2\/users\/1"}],"replies":[{"embeddable":true,"href":"https:\/\/neigeinterieure.fr\/index.php?rest_route=%2Fwp%2Fv2%2Fcomments&post=2388"}],"version-history":[{"count":1,"href":"https:\/\/neigeinterieure.fr\/index.php?rest_route=\/wp\/v2\/posts\/2388\/revisions"}],"predecessor-version":[{"id":2389,"href":"https:\/\/neigeinterieure.fr\/index.php?rest_route=\/wp\/v2\/posts\/2388\/revisions\/2389"}],"wp:attachment":[{"href":"https:\/\/neigeinterieure.fr\/index.php?rest_route=%2Fwp%2Fv2%2Fmedia&parent=2388"}],"wp:term":[{"taxonomy":"category","embeddable":true,"href":"https:\/\/neigeinterieure.fr\/index.php?rest_route=%2Fwp%2Fv2%2Fcategories&post=2388"},{"taxonomy":"post_tag","embeddable":true,"href":"https:\/\/neigeinterieure.fr\/index.php?rest_route=%2Fwp%2Fv2%2Ftags&post=2388"}],"curies":[{"name":"wp","href":"https:\/\/api.w.org\/{rel}","templated":true}]}}