{"id":2417,"date":"2023-11-12T19:19:02","date_gmt":"2023-11-12T19:19:02","guid":{"rendered":"https:\/\/neigeinterieure.fr\/?p=2417"},"modified":"2023-11-12T19:20:01","modified_gmt":"2023-11-12T19:20:01","slug":"jeudi-12-novembre-1998-nantes","status":"publish","type":"post","link":"https:\/\/neigeinterieure.fr\/?p=2417","title":{"rendered":"Jeudi 12 novembre 1998, Nantes"},"content":{"rendered":"<p>^^^^^^^^^^^<\/p>\n<p>^\u00e0\u00e0\u00e0\u00e0\u00e0\u00e0\u00e0\u00e0\u00e0\u00e0\u00e0\u00e0\u00e0\u00e0\u00e0\u00e0\u00e0\u00e0\u00e0\u00e0\u00e0\u00e0\u00e0\u00e0\u00e0\u00e0\u00e0\u00e0\u00e0\u00e0\u00e0\u00e0\u00e0\u00e0mmmmmmmmmmmmmmmmmmppppppppppppp<!--more--><\/p>\n<p>ppppppppppppppppppppppgggggggggggggggfffffffffxxxxxxxxxxxxxxxxxx\u00e9\u00e9\u00e9\u00e9\u00e9\u00e9\u00e9\u00e9\u00e9\u00e9\u00e9\u00e9\u00e9\u00e9\u2019\u2019\u2019\u2019\u2019\u2019\u2019\u2019\u2019\u2019((((((((((((((yyyyyyyyhhhhhhhhhbbbbbbbbjjjjuuuuu,,,iiiiiiiiiii^^\u00a0\u00a0\u00a0\u00a0\u00a0\u00a0\u00a0\u00a0\u00a0\u00a0\u00a0\u00a0\u00a0\u00a0\u00a0\u00a0\u00a0\u00a0\u00a0\u00a0\u00a0\u00a0\u00a0\u00a0\u00a0\u00a0\u00a0\u00a0\u00a0\u00a0\u00a0\u00a0\u00a0\u00a0\u00a0\u00a0\u00a0\u00a0\u00a0\u00a0\u00a0\u00a0\u00a0\u00a0\u00a0\u00a0\u00a0\u00a0\u00a0\u00a0\u00a0\u00a0\u00a0\u00a0\u00a0\u00a0\u00a0\u00a0\u00a0\u00a0\u00a0\u00a0\u00a0\u00a0\u00a0\u00a0\u00a0\u00a0\u00a0\u00a0\u00a0\u00a0\u00a0\u00a0\u00a0\u00a0\u00a0\u00a0\u00a0\u00a0\u00a0\u00a0\u00a0\u00a0\u00a0\u00a0\u00a0\u00a0\u00a0\u00a0\u00a0\u00a0\u00a0\u00a0\u00a0\u00a0\u00a0\u00a0\u00a0\u00a0\u00a0\u00a0\u00a0\u00a0\u00a0\u00a0\u00a0\u00a0\u00a0\u00a0\u00a0\u00a0\u00a0\u00a0\u00a0\u00a0\u00a0 \u00a0\u00a0\u00a0\u00a0\u00a0\u00a0\u00a0\u00a0\u00a0\u00a0\u00a0\u00a0\u00a0 \u00e8\u00e8\u00e8\u00e8\u00e8\u00e8\u00e8\u00e8\u00e8\u00e8\u00e8\u00e8\u00e8\u00e8\u00e8\u00e8\u00e8\u00e8,,,,,,,,,,,;;;;;;;<\/p>\n<p>\u2026\u2026\u2026\u2026\u2026\u2026\u2026\u2026\u2026\u2026\u2026\/\/\/\/\/^^^^^<\/p>\n","protected":false},"excerpt":{"rendered":"<p>^^^^^^^^^^^ ^\u00e0\u00e0\u00e0\u00e0\u00e0\u00e0\u00e0\u00e0\u00e0\u00e0\u00e0\u00e0\u00e0\u00e0\u00e0\u00e0\u00e0\u00e0\u00e0\u00e0\u00e0\u00e0\u00e0\u00e0\u00e0\u00e0\u00e0\u00e0\u00e0\u00e0\u00e0\u00e0\u00e0\u00e0mmmmmmmmmmmmmmmmmmppppppppppppp<\/p>\n","protected":false},"author":1,"featured_media":0,"comment_status":"closed","ping_status":"open","sticky":false,"template":"","format":"standard","meta":{"om_disable_all_campaigns":false,"_monsterinsights_skip_tracking":false,"footnotes":""},"categories":[8],"tags":[],"class_list":["post-2417","post","type-post","status-publish","format-standard","hentry","category-notesxvi"],"aioseo_notices":[],"aioseo_head":"\n\t\t<!-- All in One SEO 5.0.1.1 - aioseo.com -->\n\t<meta name=\"description\" content=\"^^^^^^^^^^^ ^\u00e0\u00e0\u00e0\u00e0\u00e0\u00e0\u00e0\u00e0\u00e0\u00e0\u00e0\u00e0\u00e0\u00e0\u00e0\u00e0\u00e0\u00e0\u00e0\u00e0\u00e0\u00e0\u00e0\u00e0\u00e0\u00e0\u00e0\u00e0\u00e0\u00e0\u00e0\u00e0\u00e0\u00e0mmmmmmmmmmmmmmmmmmppppppppppppp ppppppppppppppppppppppgggggggggggggggfffffffffxxxxxxxxxxxxxxxxxx\u00e9\u00e9\u00e9\u00e9\u00e9\u00e9\u00e9\u00e9\u00e9\u00e9\u00e9\u00e9\u00e9\u00e9\u2019\u2019\u2019\u2019\u2019\u2019\u2019\u2019\u2019\u2019((((((((((((((yyyyyyyyhhhhhhhhhbbbbbbbbjjjjuuuuu,,,iiiiiiiiiii^^ \u00e8\u00e8\u00e8\u00e8\u00e8\u00e8\u00e8\u00e8\u00e8\u00e8\u00e8\u00e8\u00e8\u00e8\u00e8\u00e8\u00e8\u00e8,,,,,,,,,,,;;;;;;; \u2026\u2026\u2026\u2026\u2026\u2026\u2026\u2026\u2026\u2026\u2026\/\/\/\/\/^^^^^\" \/>\n\t<meta name=\"robots\" content=\"max-image-preview:large\" \/>\n\t<meta name=\"author\" content=\"Fran\u00e7ois Balogh\"\/>\n\t<link rel=\"canonical\" href=\"https:\/\/neigeinterieure.fr\/?p=2417\" \/>\n\t<meta name=\"generator\" content=\"All in One SEO (AIOSEO) 5.0.1.1\" \/>\n\t\t<meta property=\"og:locale\" content=\"fr_FR\" \/>\n\t\t<meta property=\"og:site_name\" content=\"Neige int\u00e9rieure - les carnets de Fran\u00e7ois Balogh\" \/>\n\t\t<meta property=\"og:type\" content=\"article\" \/>\n\t\t<meta property=\"og:title\" content=\"Jeudi 12 novembre 1998, Nantes - Neige int\u00e9rieure\" \/>\n\t\t<meta property=\"og:description\" content=\"^^^^^^^^^^^ ^\u00e0\u00e0\u00e0\u00e0\u00e0\u00e0\u00e0\u00e0\u00e0\u00e0\u00e0\u00e0\u00e0\u00e0\u00e0\u00e0\u00e0\u00e0\u00e0\u00e0\u00e0\u00e0\u00e0\u00e0\u00e0\u00e0\u00e0\u00e0\u00e0\u00e0\u00e0\u00e0\u00e0\u00e0mmmmmmmmmmmmmmmmmmppppppppppppp ppppppppppppppppppppppgggggggggggggggfffffffffxxxxxxxxxxxxxxxxxx\u00e9\u00e9\u00e9\u00e9\u00e9\u00e9\u00e9\u00e9\u00e9\u00e9\u00e9\u00e9\u00e9\u00e9\u2019\u2019\u2019\u2019\u2019\u2019\u2019\u2019\u2019\u2019((((((((((((((yyyyyyyyhhhhhhhhhbbbbbbbbjjjjuuuuu,,,iiiiiiiiiii^^ \u00e8\u00e8\u00e8\u00e8\u00e8\u00e8\u00e8\u00e8\u00e8\u00e8\u00e8\u00e8\u00e8\u00e8\u00e8\u00e8\u00e8\u00e8,,,,,,,,,,,;;;;;;; \u2026\u2026\u2026\u2026\u2026\u2026\u2026\u2026\u2026\u2026\u2026\/\/\/\/\/^^^^^\" \/>\n\t\t<meta property=\"og:url\" content=\"https:\/\/neigeinterieure.fr\/?p=2417\" \/>\n\t\t<meta property=\"article:published_time\" content=\"2023-11-12T19:19:02+00:00\" \/>\n\t\t<meta property=\"article:modified_time\" content=\"2023-11-12T19:20:01+00:00\" \/>\n\t\t<meta name=\"twitter:card\" content=\"summary\" \/>\n\t\t<meta name=\"twitter:title\" content=\"Jeudi 12 novembre 1998, Nantes - Neige int\u00e9rieure\" \/>\n\t\t<meta name=\"twitter:description\" content=\"^^^^^^^^^^^ ^\u00e0\u00e0\u00e0\u00e0\u00e0\u00e0\u00e0\u00e0\u00e0\u00e0\u00e0\u00e0\u00e0\u00e0\u00e0\u00e0\u00e0\u00e0\u00e0\u00e0\u00e0\u00e0\u00e0\u00e0\u00e0\u00e0\u00e0\u00e0\u00e0\u00e0\u00e0\u00e0\u00e0\u00e0mmmmmmmmmmmmmmmmmmppppppppppppp ppppppppppppppppppppppgggggggggggggggfffffffffxxxxxxxxxxxxxxxxxx\u00e9\u00e9\u00e9\u00e9\u00e9\u00e9\u00e9\u00e9\u00e9\u00e9\u00e9\u00e9\u00e9\u00e9\u2019\u2019\u2019\u2019\u2019\u2019\u2019\u2019\u2019\u2019((((((((((((((yyyyyyyyhhhhhhhhhbbbbbbbbjjjjuuuuu,,,iiiiiiiiiii^^ \u00e8\u00e8\u00e8\u00e8\u00e8\u00e8\u00e8\u00e8\u00e8\u00e8\u00e8\u00e8\u00e8\u00e8\u00e8\u00e8\u00e8\u00e8,,,,,,,,,,,;;;;;;; \u2026\u2026\u2026\u2026\u2026\u2026\u2026\u2026\u2026\u2026\u2026\/\/\/\/\/^^^^^\" \/>\n\t\t<script type=\"application\/ld+json\" class=\"aioseo-schema\">\n\t\t\t{\"@context\":\"https:\\\/\\\/schema.org\",\"@graph\":[{\"@type\":\"BlogPosting\",\"@id\":\"https:\\\/\\\/neigeinterieure.fr\\\/?p=2417#blogposting\",\"name\":\"Jeudi 12 novembre 1998, Nantes - Neige int\\u00e9rieure\",\"headline\":\"Jeudi 12 novembre 1998, Nantes\",\"author\":{\"@id\":\"https:\\\/\\\/neigeinterieure.fr\\\/?author=1#author\"},\"publisher\":{\"@id\":\"https:\\\/\\\/neigeinterieure.fr\\\/#person\"},\"image\":{\"@type\":\"ImageObject\",\"@id\":\"https:\\\/\\\/neigeinterieure.fr\\\/?p=2417#articleImage\",\"url\":\"https:\\\/\\\/secure.gravatar.com\\\/avatar\\\/3d0a4e448294fd898432b07f68e88e428274675fd33279d8b6464c84b878a547?s=96&d=mm&r=g\",\"width\":96,\"height\":96,\"caption\":\"Fran\\u00e7ois Balogh\"},\"datePublished\":\"2023-11-12T19:19:02+00:00\",\"dateModified\":\"2023-11-12T19:20:01+00:00\",\"inLanguage\":\"fr-FR\",\"mainEntityOfPage\":{\"@id\":\"https:\\\/\\\/neigeinterieure.fr\\\/?p=2417#webpage\"},\"isPartOf\":{\"@id\":\"https:\\\/\\\/neigeinterieure.fr\\\/?p=2417#webpage\"},\"articleSection\":\"notes XVI. Dans le Nouveau monde\"},{\"@type\":\"BreadcrumbList\",\"@id\":\"https:\\\/\\\/neigeinterieure.fr\\\/?p=2417#breadcrumblist\",\"itemListElement\":[{\"@type\":\"ListItem\",\"@id\":\"https:\\\/\\\/neigeinterieure.fr#listItem\",\"position\":1,\"name\":\"Home\",\"item\":\"https:\\\/\\\/neigeinterieure.fr\",\"nextItem\":{\"@type\":\"ListItem\",\"@id\":\"https:\\\/\\\/neigeinterieure.fr\\\/?cat=8#listItem\",\"name\":\"notes XVI. Dans le Nouveau monde\"}},{\"@type\":\"ListItem\",\"@id\":\"https:\\\/\\\/neigeinterieure.fr\\\/?cat=8#listItem\",\"position\":2,\"name\":\"notes XVI. Dans le Nouveau monde\",\"item\":\"https:\\\/\\\/neigeinterieure.fr\\\/?cat=8\",\"nextItem\":{\"@type\":\"ListItem\",\"@id\":\"https:\\\/\\\/neigeinterieure.fr\\\/?p=2417#listItem\",\"name\":\"Jeudi 12 novembre 1998, Nantes\"},\"previousItem\":{\"@type\":\"ListItem\",\"@id\":\"https:\\\/\\\/neigeinterieure.fr#listItem\",\"name\":\"Home\"}},{\"@type\":\"ListItem\",\"@id\":\"https:\\\/\\\/neigeinterieure.fr\\\/?p=2417#listItem\",\"position\":3,\"name\":\"Jeudi 12 novembre 1998, Nantes\",\"previousItem\":{\"@type\":\"ListItem\",\"@id\":\"https:\\\/\\\/neigeinterieure.fr\\\/?cat=8#listItem\",\"name\":\"notes XVI. Dans le Nouveau monde\"}}]},{\"@type\":\"Person\",\"@id\":\"https:\\\/\\\/neigeinterieure.fr\\\/#person\",\"name\":\"Fran\\u00e7ois Balogh\",\"image\":{\"@type\":\"ImageObject\",\"@id\":\"https:\\\/\\\/neigeinterieure.fr\\\/?p=2417#personImage\",\"url\":\"https:\\\/\\\/secure.gravatar.com\\\/avatar\\\/3d0a4e448294fd898432b07f68e88e428274675fd33279d8b6464c84b878a547?s=96&d=mm&r=g\",\"width\":96,\"height\":96,\"caption\":\"Fran\\u00e7ois Balogh\"}},{\"@type\":\"Person\",\"@id\":\"https:\\\/\\\/neigeinterieure.fr\\\/?author=1#author\",\"url\":\"https:\\\/\\\/neigeinterieure.fr\\\/?author=1\",\"name\":\"Fran\\u00e7ois Balogh\",\"image\":{\"@type\":\"ImageObject\",\"@id\":\"https:\\\/\\\/neigeinterieure.fr\\\/?p=2417#authorImage\",\"url\":\"https:\\\/\\\/secure.gravatar.com\\\/avatar\\\/3d0a4e448294fd898432b07f68e88e428274675fd33279d8b6464c84b878a547?s=96&d=mm&r=g\",\"width\":96,\"height\":96,\"caption\":\"Fran\\u00e7ois Balogh\"}},{\"@type\":\"WebPage\",\"@id\":\"https:\\\/\\\/neigeinterieure.fr\\\/?p=2417#webpage\",\"url\":\"https:\\\/\\\/neigeinterieure.fr\\\/?p=2417\",\"name\":\"Jeudi 12 novembre 1998, Nantes - Neige int\\u00e9rieure\",\"description\":\"^^^^^^^^^^^ ^\\u00e0\\u00e0\\u00e0\\u00e0\\u00e0\\u00e0\\u00e0\\u00e0\\u00e0\\u00e0\\u00e0\\u00e0\\u00e0\\u00e0\\u00e0\\u00e0\\u00e0\\u00e0\\u00e0\\u00e0\\u00e0\\u00e0\\u00e0\\u00e0\\u00e0\\u00e0\\u00e0\\u00e0\\u00e0\\u00e0\\u00e0\\u00e0\\u00e0\\u00e0mmmmmmmmmmmmmmmmmmppppppppppppp ppppppppppppppppppppppgggggggggggggggfffffffffxxxxxxxxxxxxxxxxxx\\u00e9\\u00e9\\u00e9\\u00e9\\u00e9\\u00e9\\u00e9\\u00e9\\u00e9\\u00e9\\u00e9\\u00e9\\u00e9\\u00e9\\u2019\\u2019\\u2019\\u2019\\u2019\\u2019\\u2019\\u2019\\u2019\\u2019((((((((((((((yyyyyyyyhhhhhhhhhbbbbbbbbjjjjuuuuu,,,iiiiiiiiiii^^ \\u00e8\\u00e8\\u00e8\\u00e8\\u00e8\\u00e8\\u00e8\\u00e8\\u00e8\\u00e8\\u00e8\\u00e8\\u00e8\\u00e8\\u00e8\\u00e8\\u00e8\\u00e8,,,,,,,,,,,;;;;;;; \\u2026\\u2026\\u2026\\u2026\\u2026\\u2026\\u2026\\u2026\\u2026\\u2026\\u2026\\\/\\\/\\\/\\\/\\\/^^^^^\",\"inLanguage\":\"fr-FR\",\"isPartOf\":{\"@id\":\"https:\\\/\\\/neigeinterieure.fr\\\/#website\"},\"breadcrumb\":{\"@id\":\"https:\\\/\\\/neigeinterieure.fr\\\/?p=2417#breadcrumblist\"},\"author\":{\"@id\":\"https:\\\/\\\/neigeinterieure.fr\\\/?author=1#author\"},\"creator\":{\"@id\":\"https:\\\/\\\/neigeinterieure.fr\\\/?author=1#author\"},\"datePublished\":\"2023-11-12T19:19:02+00:00\",\"dateModified\":\"2023-11-12T19:20:01+00:00\"},{\"@type\":\"WebSite\",\"@id\":\"https:\\\/\\\/neigeinterieure.fr\\\/#website\",\"url\":\"https:\\\/\\\/neigeinterieure.fr\\\/\",\"name\":\"Neige int\\u00e9rieure\",\"description\":\"les carnets de Fran\\u00e7ois Balogh\",\"inLanguage\":\"fr-FR\",\"publisher\":{\"@id\":\"https:\\\/\\\/neigeinterieure.fr\\\/#person\"}}]}\n\t\t<\/script>\n\t\t<!-- All in One SEO -->\n\n","aioseo_head_json":{"title":"Jeudi 12 novembre 1998, Nantes - Neige int\u00e9rieure","description":"^^^^^^^^^^^ ^\u00e0\u00e0\u00e0\u00e0\u00e0\u00e0\u00e0\u00e0\u00e0\u00e0\u00e0\u00e0\u00e0\u00e0\u00e0\u00e0\u00e0\u00e0\u00e0\u00e0\u00e0\u00e0\u00e0\u00e0\u00e0\u00e0\u00e0\u00e0\u00e0\u00e0\u00e0\u00e0\u00e0\u00e0mmmmmmmmmmmmmmmmmmppppppppppppp ppppppppppppppppppppppgggggggggggggggfffffffffxxxxxxxxxxxxxxxxxx\u00e9\u00e9\u00e9\u00e9\u00e9\u00e9\u00e9\u00e9\u00e9\u00e9\u00e9\u00e9\u00e9\u00e9\u2019\u2019\u2019\u2019\u2019\u2019\u2019\u2019\u2019\u2019((((((((((((((yyyyyyyyhhhhhhhhhbbbbbbbbjjjjuuuuu,,,iiiiiiiiiii^^ \u00e8\u00e8\u00e8\u00e8\u00e8\u00e8\u00e8\u00e8\u00e8\u00e8\u00e8\u00e8\u00e8\u00e8\u00e8\u00e8\u00e8\u00e8,,,,,,,,,,,;;;;;;; \u2026\u2026\u2026\u2026\u2026\u2026\u2026\u2026\u2026\u2026\u2026\/\/\/\/\/^^^^^","canonical_url":"https:\/\/neigeinterieure.fr\/?p=2417","robots":"max-image-preview:large","keywords":"","webmasterTools":{"miscellaneous":""},"schema":{"@context":"https:\/\/schema.org","@graph":[{"@type":"BlogPosting","@id":"https:\/\/neigeinterieure.fr\/?p=2417#blogposting","name":"Jeudi 12 novembre 1998, Nantes - Neige int\u00e9rieure","headline":"Jeudi 12 novembre 1998, Nantes","author":{"@id":"https:\/\/neigeinterieure.fr\/?author=1#author"},"publisher":{"@id":"https:\/\/neigeinterieure.fr\/#person"},"image":{"@type":"ImageObject","@id":"https:\/\/neigeinterieure.fr\/?p=2417#articleImage","url":"https:\/\/secure.gravatar.com\/avatar\/3d0a4e448294fd898432b07f68e88e428274675fd33279d8b6464c84b878a547?s=96&d=mm&r=g","width":96,"height":96,"caption":"Fran\u00e7ois Balogh"},"datePublished":"2023-11-12T19:19:02+00:00","dateModified":"2023-11-12T19:20:01+00:00","inLanguage":"fr-FR","mainEntityOfPage":{"@id":"https:\/\/neigeinterieure.fr\/?p=2417#webpage"},"isPartOf":{"@id":"https:\/\/neigeinterieure.fr\/?p=2417#webpage"},"articleSection":"notes XVI. Dans le Nouveau monde"},{"@type":"BreadcrumbList","@id":"https:\/\/neigeinterieure.fr\/?p=2417#breadcrumblist","itemListElement":[{"@type":"ListItem","@id":"https:\/\/neigeinterieure.fr#listItem","position":1,"name":"Home","item":"https:\/\/neigeinterieure.fr","nextItem":{"@type":"ListItem","@id":"https:\/\/neigeinterieure.fr\/?cat=8#listItem","name":"notes XVI. Dans le Nouveau monde"}},{"@type":"ListItem","@id":"https:\/\/neigeinterieure.fr\/?cat=8#listItem","position":2,"name":"notes XVI. Dans le Nouveau monde","item":"https:\/\/neigeinterieure.fr\/?cat=8","nextItem":{"@type":"ListItem","@id":"https:\/\/neigeinterieure.fr\/?p=2417#listItem","name":"Jeudi 12 novembre 1998, Nantes"},"previousItem":{"@type":"ListItem","@id":"https:\/\/neigeinterieure.fr#listItem","name":"Home"}},{"@type":"ListItem","@id":"https:\/\/neigeinterieure.fr\/?p=2417#listItem","position":3,"name":"Jeudi 12 novembre 1998, Nantes","previousItem":{"@type":"ListItem","@id":"https:\/\/neigeinterieure.fr\/?cat=8#listItem","name":"notes XVI. Dans le Nouveau monde"}}]},{"@type":"Person","@id":"https:\/\/neigeinterieure.fr\/#person","name":"Fran\u00e7ois Balogh","image":{"@type":"ImageObject","@id":"https:\/\/neigeinterieure.fr\/?p=2417#personImage","url":"https:\/\/secure.gravatar.com\/avatar\/3d0a4e448294fd898432b07f68e88e428274675fd33279d8b6464c84b878a547?s=96&d=mm&r=g","width":96,"height":96,"caption":"Fran\u00e7ois Balogh"}},{"@type":"Person","@id":"https:\/\/neigeinterieure.fr\/?author=1#author","url":"https:\/\/neigeinterieure.fr\/?author=1","name":"Fran\u00e7ois Balogh","image":{"@type":"ImageObject","@id":"https:\/\/neigeinterieure.fr\/?p=2417#authorImage","url":"https:\/\/secure.gravatar.com\/avatar\/3d0a4e448294fd898432b07f68e88e428274675fd33279d8b6464c84b878a547?s=96&d=mm&r=g","width":96,"height":96,"caption":"Fran\u00e7ois Balogh"}},{"@type":"WebPage","@id":"https:\/\/neigeinterieure.fr\/?p=2417#webpage","url":"https:\/\/neigeinterieure.fr\/?p=2417","name":"Jeudi 12 novembre 1998, Nantes - Neige int\u00e9rieure","description":"^^^^^^^^^^^ ^\u00e0\u00e0\u00e0\u00e0\u00e0\u00e0\u00e0\u00e0\u00e0\u00e0\u00e0\u00e0\u00e0\u00e0\u00e0\u00e0\u00e0\u00e0\u00e0\u00e0\u00e0\u00e0\u00e0\u00e0\u00e0\u00e0\u00e0\u00e0\u00e0\u00e0\u00e0\u00e0\u00e0\u00e0mmmmmmmmmmmmmmmmmmppppppppppppp ppppppppppppppppppppppgggggggggggggggfffffffffxxxxxxxxxxxxxxxxxx\u00e9\u00e9\u00e9\u00e9\u00e9\u00e9\u00e9\u00e9\u00e9\u00e9\u00e9\u00e9\u00e9\u00e9\u2019\u2019\u2019\u2019\u2019\u2019\u2019\u2019\u2019\u2019((((((((((((((yyyyyyyyhhhhhhhhhbbbbbbbbjjjjuuuuu,,,iiiiiiiiiii^^ \u00e8\u00e8\u00e8\u00e8\u00e8\u00e8\u00e8\u00e8\u00e8\u00e8\u00e8\u00e8\u00e8\u00e8\u00e8\u00e8\u00e8\u00e8,,,,,,,,,,,;;;;;;; \u2026\u2026\u2026\u2026\u2026\u2026\u2026\u2026\u2026\u2026\u2026\/\/\/\/\/^^^^^","inLanguage":"fr-FR","isPartOf":{"@id":"https:\/\/neigeinterieure.fr\/#website"},"breadcrumb":{"@id":"https:\/\/neigeinterieure.fr\/?p=2417#breadcrumblist"},"author":{"@id":"https:\/\/neigeinterieure.fr\/?author=1#author"},"creator":{"@id":"https:\/\/neigeinterieure.fr\/?author=1#author"},"datePublished":"2023-11-12T19:19:02+00:00","dateModified":"2023-11-12T19:20:01+00:00"},{"@type":"WebSite","@id":"https:\/\/neigeinterieure.fr\/#website","url":"https:\/\/neigeinterieure.fr\/","name":"Neige int\u00e9rieure","description":"les carnets de Fran\u00e7ois Balogh","inLanguage":"fr-FR","publisher":{"@id":"https:\/\/neigeinterieure.fr\/#person"}}]},"og:locale":"fr_FR","og:site_name":"Neige int\u00e9rieure - les carnets de Fran\u00e7ois Balogh","og:type":"article","og:title":"Jeudi 12 novembre 1998, Nantes - Neige int\u00e9rieure","og:description":"^^^^^^^^^^^ ^\u00e0\u00e0\u00e0\u00e0\u00e0\u00e0\u00e0\u00e0\u00e0\u00e0\u00e0\u00e0\u00e0\u00e0\u00e0\u00e0\u00e0\u00e0\u00e0\u00e0\u00e0\u00e0\u00e0\u00e0\u00e0\u00e0\u00e0\u00e0\u00e0\u00e0\u00e0\u00e0\u00e0\u00e0mmmmmmmmmmmmmmmmmmppppppppppppp ppppppppppppppppppppppgggggggggggggggfffffffffxxxxxxxxxxxxxxxxxx\u00e9\u00e9\u00e9\u00e9\u00e9\u00e9\u00e9\u00e9\u00e9\u00e9\u00e9\u00e9\u00e9\u00e9\u2019\u2019\u2019\u2019\u2019\u2019\u2019\u2019\u2019\u2019((((((((((((((yyyyyyyyhhhhhhhhhbbbbbbbbjjjjuuuuu,,,iiiiiiiiiii^^ \u00e8\u00e8\u00e8\u00e8\u00e8\u00e8\u00e8\u00e8\u00e8\u00e8\u00e8\u00e8\u00e8\u00e8\u00e8\u00e8\u00e8\u00e8,,,,,,,,,,,;;;;;;; \u2026\u2026\u2026\u2026\u2026\u2026\u2026\u2026\u2026\u2026\u2026\/\/\/\/\/^^^^^","og:url":"https:\/\/neigeinterieure.fr\/?p=2417","article:published_time":"2023-11-12T19:19:02+00:00","article:modified_time":"2023-11-12T19:20:01+00:00","twitter:card":"summary","twitter:title":"Jeudi 12 novembre 1998, Nantes - Neige int\u00e9rieure","twitter:description":"^^^^^^^^^^^ ^\u00e0\u00e0\u00e0\u00e0\u00e0\u00e0\u00e0\u00e0\u00e0\u00e0\u00e0\u00e0\u00e0\u00e0\u00e0\u00e0\u00e0\u00e0\u00e0\u00e0\u00e0\u00e0\u00e0\u00e0\u00e0\u00e0\u00e0\u00e0\u00e0\u00e0\u00e0\u00e0\u00e0\u00e0mmmmmmmmmmmmmmmmmmppppppppppppp ppppppppppppppppppppppgggggggggggggggfffffffffxxxxxxxxxxxxxxxxxx\u00e9\u00e9\u00e9\u00e9\u00e9\u00e9\u00e9\u00e9\u00e9\u00e9\u00e9\u00e9\u00e9\u00e9\u2019\u2019\u2019\u2019\u2019\u2019\u2019\u2019\u2019\u2019((((((((((((((yyyyyyyyhhhhhhhhhbbbbbbbbjjjjuuuuu,,,iiiiiiiiiii^^ \u00e8\u00e8\u00e8\u00e8\u00e8\u00e8\u00e8\u00e8\u00e8\u00e8\u00e8\u00e8\u00e8\u00e8\u00e8\u00e8\u00e8\u00e8,,,,,,,,,,,;;;;;;; \u2026\u2026\u2026\u2026\u2026\u2026\u2026\u2026\u2026\u2026\u2026\/\/\/\/\/^^^^^"},"aioseo_meta_data":{"post_id":"2417","title":null,"description":null,"keywords":[],"keyphrases":{"focus":{"keyphrase":"","score":0,"analysis":{"keyphraseInTitle":{"score":0,"maxScore":9,"error":1}}},"additional":[]},"primary_term":null,"canonical_url":null,"og_title":null,"og_description":null,"og_object_type":"default","og_image_type":"default","og_image_url":null,"og_image_width":null,"og_image_height":null,"og_image_custom_url":null,"og_image_custom_fields":null,"og_video":"","og_custom_url":null,"og_article_section":null,"og_article_tags":[],"twitter_use_og":false,"twitter_card":"default","twitter_image_type":"default","twitter_image_url":null,"twitter_image_custom_url":null,"twitter_image_custom_fields":null,"twitter_title":null,"twitter_description":null,"schema":{"blockGraphs":[],"customGraphs":[],"default":{"data":{"Article":[],"Course":[],"Dataset":[],"FAQPage":[],"Movie":[],"Person":[],"Product":[],"ProductReview":[],"Car":[],"Recipe":[],"Service":[],"SoftwareApplication":[],"WebPage":[]},"graphName":"BlogPosting","isEnabled":true},"graphs":[]},"schema_type":"default","schema_type_options":null,"pillar_content":false,"robots_default":true,"robots_noindex":false,"robots_noarchive":false,"robots_nosnippet":false,"robots_nofollow":false,"robots_noimageindex":false,"robots_noodp":false,"robots_notranslate":false,"robots_max_snippet":"-1","robots_max_videopreview":"-1","robots_max_imagepreview":"large","priority":null,"frequency":"default","local_seo":null,"breadcrumb_settings":null,"limit_modified_date":false,"ai":null,"created":"2023-11-12 19:19:02","updated":"2025-06-05 10:15:05","seo_analyzer_scan_date":null,"focus_keyword":null,"additional_keywords":null,"truseo_locale":null},"aioseo_breadcrumb":"<div class=\"aioseo-breadcrumbs\"><span class=\"aioseo-breadcrumb\">\n\t\t\t<a href=\"https:\/\/neigeinterieure.fr\" title=\"Home\">Home<\/a>\n\t\t<\/span><span class=\"aioseo-breadcrumb-separator\">&raquo;<\/span><span class=\"aioseo-breadcrumb\">\n\t\t\t<a href=\"https:\/\/neigeinterieure.fr\/?cat=8\" title=\"notes XVI. Dans le Nouveau monde\">notes XVI. Dans le Nouveau monde<\/a>\n\t\t<\/span><span class=\"aioseo-breadcrumb-separator\">&raquo;<\/span><span class=\"aioseo-breadcrumb\">\n\t\t\tJeudi 12 novembre 1998, Nantes\n\t\t<\/span><\/div>","aioseo_breadcrumb_json":[{"label":"Home","link":"https:\/\/neigeinterieure.fr"},{"label":"notes XVI. Dans le Nouveau monde","link":"https:\/\/neigeinterieure.fr\/?cat=8"},{"label":"Jeudi 12 novembre 1998, Nantes","link":"https:\/\/neigeinterieure.fr\/?p=2417"}],"_links":{"self":[{"href":"https:\/\/neigeinterieure.fr\/index.php?rest_route=\/wp\/v2\/posts\/2417","targetHints":{"allow":["GET"]}}],"collection":[{"href":"https:\/\/neigeinterieure.fr\/index.php?rest_route=\/wp\/v2\/posts"}],"about":[{"href":"https:\/\/neigeinterieure.fr\/index.php?rest_route=\/wp\/v2\/types\/post"}],"author":[{"embeddable":true,"href":"https:\/\/neigeinterieure.fr\/index.php?rest_route=\/wp\/v2\/users\/1"}],"replies":[{"embeddable":true,"href":"https:\/\/neigeinterieure.fr\/index.php?rest_route=%2Fwp%2Fv2%2Fcomments&post=2417"}],"version-history":[{"count":2,"href":"https:\/\/neigeinterieure.fr\/index.php?rest_route=\/wp\/v2\/posts\/2417\/revisions"}],"predecessor-version":[{"id":2419,"href":"https:\/\/neigeinterieure.fr\/index.php?rest_route=\/wp\/v2\/posts\/2417\/revisions\/2419"}],"wp:attachment":[{"href":"https:\/\/neigeinterieure.fr\/index.php?rest_route=%2Fwp%2Fv2%2Fmedia&parent=2417"}],"wp:term":[{"taxonomy":"category","embeddable":true,"href":"https:\/\/neigeinterieure.fr\/index.php?rest_route=%2Fwp%2Fv2%2Fcategories&post=2417"},{"taxonomy":"post_tag","embeddable":true,"href":"https:\/\/neigeinterieure.fr\/index.php?rest_route=%2Fwp%2Fv2%2Ftags&post=2417"}],"curies":[{"name":"wp","href":"https:\/\/api.w.org\/{rel}","templated":true}]}}