{"id":2427,"date":"2023-11-16T08:57:11","date_gmt":"2023-11-16T08:57:11","guid":{"rendered":"https:\/\/neigeinterieure.fr\/?p=2427"},"modified":"2023-11-16T08:57:42","modified_gmt":"2023-11-16T08:57:42","slug":"lundi-16-novembre-1998-nantes","status":"publish","type":"post","link":"https:\/\/neigeinterieure.fr\/?p=2427","title":{"rendered":"Lundi 16 novembre 1998, Nantes"},"content":{"rendered":"<p>Ce soir, \u00e0 l\u2019issue d\u2019une journ\u00e9e de d\u00e9prime tendue et o\u00f9 j\u2019ai \u00e9t\u00e9 un peu malade, accept\u00e9 la suggestion de Sonia d\u2019aller voir <em>Ceux qui m\u2019aiment prendront le train<\/em> de Patrice Ch\u00e9reau (je n\u2019\u00e9tais<!--more--> pas all\u00e9 au cin\u00e9ma depuis un moment). Film int\u00e9ressant, d\u00e9rangeant parfois, tout de m\u00eame un peu mani\u00e9r\u00e9\u00a0; et par endroit, j\u2019ai trouv\u00e9, complaisant dans sa fa\u00e7on de filmer certains des nombreux personnages homosexuels (cela dit il y a un tas de films \u00ab\u00a0h\u00e9t\u00e9rosexuels\u00a0\u00bb qui filment les femmes de la m\u00eame mani\u00e8re. \u00c7a ne me pla\u00eet pas plus, mais provoque chez moi moins de g\u00eane). La premi\u00e8re heure, dans le train, est cin\u00e9matographiquement la meilleure\u00a0; ensuite, l\u2019hyst\u00e9rie fatigue. Reste une pl\u00e9iade d\u2019acteurs excellents, Pascal Gregory, Valeria Bruni-Tedeschi, Charles Berling, Trintignant, \u00e9videmment, et m\u00eame Vincent P\u00e9rez dans un r\u00f4le improbable et peu r\u00e9aliste de transsexuel(le). Je crois que <em>La Reine Margot<\/em> \u00e9tait un meilleur film\u00a0; l\u00e0, une histoire plus serr\u00e9e aurait permis de moins se disperser.<\/p>\n","protected":false},"excerpt":{"rendered":"<p>Ce soir, \u00e0 l\u2019issue d\u2019une journ\u00e9e de d\u00e9prime tendue et o\u00f9 j\u2019ai \u00e9t\u00e9 un peu malade, accept\u00e9 la suggestion de Sonia d\u2019aller voir Ceux qui m\u2019aiment prendront le train de Patrice Ch\u00e9reau (je n\u2019\u00e9tais<\/p>\n","protected":false},"author":1,"featured_media":0,"comment_status":"closed","ping_status":"open","sticky":false,"template":"","format":"standard","meta":{"om_disable_all_campaigns":false,"_monsterinsights_skip_tracking":false,"footnotes":""},"categories":[8],"tags":[],"class_list":["post-2427","post","type-post","status-publish","format-standard","hentry","category-notesxvi"],"aioseo_notices":[],"aioseo_head":"\n\t\t<!-- All in One SEO 5.0.1.1 - aioseo.com -->\n\t<meta name=\"description\" content=\"Ce soir, \u00e0 l\u2019issue d\u2019une journ\u00e9e de d\u00e9prime tendue et o\u00f9 j\u2019ai \u00e9t\u00e9 un peu malade, accept\u00e9 la suggestion de Sonia d\u2019aller voir Ceux qui m\u2019aiment prendront le train de Patrice Ch\u00e9reau (je n\u2019\u00e9tais pas all\u00e9 au cin\u00e9ma depuis un moment). Film int\u00e9ressant, d\u00e9rangeant parfois, tout de m\u00eame un peu mani\u00e9r\u00e9 ; et par endroit, j\u2019ai\" \/>\n\t<meta name=\"robots\" content=\"max-image-preview:large\" \/>\n\t<meta name=\"author\" content=\"Fran\u00e7ois Balogh\"\/>\n\t<link rel=\"canonical\" href=\"https:\/\/neigeinterieure.fr\/?p=2427\" \/>\n\t<meta name=\"generator\" content=\"All in One SEO (AIOSEO) 5.0.1.1\" \/>\n\t\t<meta property=\"og:locale\" content=\"fr_FR\" \/>\n\t\t<meta property=\"og:site_name\" content=\"Neige int\u00e9rieure - les carnets de Fran\u00e7ois Balogh\" \/>\n\t\t<meta property=\"og:type\" content=\"article\" \/>\n\t\t<meta property=\"og:title\" content=\"Lundi 16 novembre 1998, Nantes - Neige int\u00e9rieure\" \/>\n\t\t<meta property=\"og:description\" content=\"Ce soir, \u00e0 l\u2019issue d\u2019une journ\u00e9e de d\u00e9prime tendue et o\u00f9 j\u2019ai \u00e9t\u00e9 un peu malade, accept\u00e9 la suggestion de Sonia d\u2019aller voir Ceux qui m\u2019aiment prendront le train de Patrice Ch\u00e9reau (je n\u2019\u00e9tais pas all\u00e9 au cin\u00e9ma depuis un moment). Film int\u00e9ressant, d\u00e9rangeant parfois, tout de m\u00eame un peu mani\u00e9r\u00e9 ; et par endroit, j\u2019ai\" \/>\n\t\t<meta property=\"og:url\" content=\"https:\/\/neigeinterieure.fr\/?p=2427\" \/>\n\t\t<meta property=\"article:published_time\" content=\"2023-11-16T08:57:11+00:00\" \/>\n\t\t<meta property=\"article:modified_time\" content=\"2023-11-16T08:57:42+00:00\" \/>\n\t\t<meta name=\"twitter:card\" content=\"summary\" \/>\n\t\t<meta name=\"twitter:title\" content=\"Lundi 16 novembre 1998, Nantes - Neige int\u00e9rieure\" \/>\n\t\t<meta name=\"twitter:description\" content=\"Ce soir, \u00e0 l\u2019issue d\u2019une journ\u00e9e de d\u00e9prime tendue et o\u00f9 j\u2019ai \u00e9t\u00e9 un peu malade, accept\u00e9 la suggestion de Sonia d\u2019aller voir Ceux qui m\u2019aiment prendront le train de Patrice Ch\u00e9reau (je n\u2019\u00e9tais pas all\u00e9 au cin\u00e9ma depuis un moment). Film int\u00e9ressant, d\u00e9rangeant parfois, tout de m\u00eame un peu mani\u00e9r\u00e9 ; et par endroit, j\u2019ai\" \/>\n\t\t<script type=\"application\/ld+json\" class=\"aioseo-schema\">\n\t\t\t{\"@context\":\"https:\\\/\\\/schema.org\",\"@graph\":[{\"@type\":\"BlogPosting\",\"@id\":\"https:\\\/\\\/neigeinterieure.fr\\\/?p=2427#blogposting\",\"name\":\"Lundi 16 novembre 1998, Nantes - Neige int\\u00e9rieure\",\"headline\":\"Lundi 16 novembre 1998, Nantes\",\"author\":{\"@id\":\"https:\\\/\\\/neigeinterieure.fr\\\/?author=1#author\"},\"publisher\":{\"@id\":\"https:\\\/\\\/neigeinterieure.fr\\\/#person\"},\"image\":{\"@type\":\"ImageObject\",\"@id\":\"https:\\\/\\\/neigeinterieure.fr\\\/?p=2427#articleImage\",\"url\":\"https:\\\/\\\/secure.gravatar.com\\\/avatar\\\/3d0a4e448294fd898432b07f68e88e428274675fd33279d8b6464c84b878a547?s=96&d=mm&r=g\",\"width\":96,\"height\":96,\"caption\":\"Fran\\u00e7ois Balogh\"},\"datePublished\":\"2023-11-16T08:57:11+00:00\",\"dateModified\":\"2023-11-16T08:57:42+00:00\",\"inLanguage\":\"fr-FR\",\"mainEntityOfPage\":{\"@id\":\"https:\\\/\\\/neigeinterieure.fr\\\/?p=2427#webpage\"},\"isPartOf\":{\"@id\":\"https:\\\/\\\/neigeinterieure.fr\\\/?p=2427#webpage\"},\"articleSection\":\"notes XVI. Dans le Nouveau monde\"},{\"@type\":\"BreadcrumbList\",\"@id\":\"https:\\\/\\\/neigeinterieure.fr\\\/?p=2427#breadcrumblist\",\"itemListElement\":[{\"@type\":\"ListItem\",\"@id\":\"https:\\\/\\\/neigeinterieure.fr#listItem\",\"position\":1,\"name\":\"Home\",\"item\":\"https:\\\/\\\/neigeinterieure.fr\",\"nextItem\":{\"@type\":\"ListItem\",\"@id\":\"https:\\\/\\\/neigeinterieure.fr\\\/?cat=8#listItem\",\"name\":\"notes XVI. Dans le Nouveau monde\"}},{\"@type\":\"ListItem\",\"@id\":\"https:\\\/\\\/neigeinterieure.fr\\\/?cat=8#listItem\",\"position\":2,\"name\":\"notes XVI. Dans le Nouveau monde\",\"item\":\"https:\\\/\\\/neigeinterieure.fr\\\/?cat=8\",\"nextItem\":{\"@type\":\"ListItem\",\"@id\":\"https:\\\/\\\/neigeinterieure.fr\\\/?p=2427#listItem\",\"name\":\"Lundi 16 novembre 1998, Nantes\"},\"previousItem\":{\"@type\":\"ListItem\",\"@id\":\"https:\\\/\\\/neigeinterieure.fr#listItem\",\"name\":\"Home\"}},{\"@type\":\"ListItem\",\"@id\":\"https:\\\/\\\/neigeinterieure.fr\\\/?p=2427#listItem\",\"position\":3,\"name\":\"Lundi 16 novembre 1998, Nantes\",\"previousItem\":{\"@type\":\"ListItem\",\"@id\":\"https:\\\/\\\/neigeinterieure.fr\\\/?cat=8#listItem\",\"name\":\"notes XVI. Dans le Nouveau monde\"}}]},{\"@type\":\"Person\",\"@id\":\"https:\\\/\\\/neigeinterieure.fr\\\/#person\",\"name\":\"Fran\\u00e7ois Balogh\",\"image\":{\"@type\":\"ImageObject\",\"@id\":\"https:\\\/\\\/neigeinterieure.fr\\\/?p=2427#personImage\",\"url\":\"https:\\\/\\\/secure.gravatar.com\\\/avatar\\\/3d0a4e448294fd898432b07f68e88e428274675fd33279d8b6464c84b878a547?s=96&d=mm&r=g\",\"width\":96,\"height\":96,\"caption\":\"Fran\\u00e7ois Balogh\"}},{\"@type\":\"Person\",\"@id\":\"https:\\\/\\\/neigeinterieure.fr\\\/?author=1#author\",\"url\":\"https:\\\/\\\/neigeinterieure.fr\\\/?author=1\",\"name\":\"Fran\\u00e7ois Balogh\",\"image\":{\"@type\":\"ImageObject\",\"@id\":\"https:\\\/\\\/neigeinterieure.fr\\\/?p=2427#authorImage\",\"url\":\"https:\\\/\\\/secure.gravatar.com\\\/avatar\\\/3d0a4e448294fd898432b07f68e88e428274675fd33279d8b6464c84b878a547?s=96&d=mm&r=g\",\"width\":96,\"height\":96,\"caption\":\"Fran\\u00e7ois Balogh\"}},{\"@type\":\"WebPage\",\"@id\":\"https:\\\/\\\/neigeinterieure.fr\\\/?p=2427#webpage\",\"url\":\"https:\\\/\\\/neigeinterieure.fr\\\/?p=2427\",\"name\":\"Lundi 16 novembre 1998, Nantes - Neige int\\u00e9rieure\",\"description\":\"Ce soir, \\u00e0 l\\u2019issue d\\u2019une journ\\u00e9e de d\\u00e9prime tendue et o\\u00f9 j\\u2019ai \\u00e9t\\u00e9 un peu malade, accept\\u00e9 la suggestion de Sonia d\\u2019aller voir Ceux qui m\\u2019aiment prendront le train de Patrice Ch\\u00e9reau (je n\\u2019\\u00e9tais pas all\\u00e9 au cin\\u00e9ma depuis un moment). Film int\\u00e9ressant, d\\u00e9rangeant parfois, tout de m\\u00eame un peu mani\\u00e9r\\u00e9 ; et par endroit, j\\u2019ai\",\"inLanguage\":\"fr-FR\",\"isPartOf\":{\"@id\":\"https:\\\/\\\/neigeinterieure.fr\\\/#website\"},\"breadcrumb\":{\"@id\":\"https:\\\/\\\/neigeinterieure.fr\\\/?p=2427#breadcrumblist\"},\"author\":{\"@id\":\"https:\\\/\\\/neigeinterieure.fr\\\/?author=1#author\"},\"creator\":{\"@id\":\"https:\\\/\\\/neigeinterieure.fr\\\/?author=1#author\"},\"datePublished\":\"2023-11-16T08:57:11+00:00\",\"dateModified\":\"2023-11-16T08:57:42+00:00\"},{\"@type\":\"WebSite\",\"@id\":\"https:\\\/\\\/neigeinterieure.fr\\\/#website\",\"url\":\"https:\\\/\\\/neigeinterieure.fr\\\/\",\"name\":\"Neige int\\u00e9rieure\",\"description\":\"les carnets de Fran\\u00e7ois Balogh\",\"inLanguage\":\"fr-FR\",\"publisher\":{\"@id\":\"https:\\\/\\\/neigeinterieure.fr\\\/#person\"}}]}\n\t\t<\/script>\n\t\t<!-- All in One SEO -->\n\n","aioseo_head_json":{"title":"Lundi 16 novembre 1998, Nantes - Neige int\u00e9rieure","description":"Ce soir, \u00e0 l\u2019issue d\u2019une journ\u00e9e de d\u00e9prime tendue et o\u00f9 j\u2019ai \u00e9t\u00e9 un peu malade, accept\u00e9 la suggestion de Sonia d\u2019aller voir Ceux qui m\u2019aiment prendront le train de Patrice Ch\u00e9reau (je n\u2019\u00e9tais pas all\u00e9 au cin\u00e9ma depuis un moment). Film int\u00e9ressant, d\u00e9rangeant parfois, tout de m\u00eame un peu mani\u00e9r\u00e9 ; et par endroit, j\u2019ai","canonical_url":"https:\/\/neigeinterieure.fr\/?p=2427","robots":"max-image-preview:large","keywords":"","webmasterTools":{"miscellaneous":""},"schema":{"@context":"https:\/\/schema.org","@graph":[{"@type":"BlogPosting","@id":"https:\/\/neigeinterieure.fr\/?p=2427#blogposting","name":"Lundi 16 novembre 1998, Nantes - Neige int\u00e9rieure","headline":"Lundi 16 novembre 1998, Nantes","author":{"@id":"https:\/\/neigeinterieure.fr\/?author=1#author"},"publisher":{"@id":"https:\/\/neigeinterieure.fr\/#person"},"image":{"@type":"ImageObject","@id":"https:\/\/neigeinterieure.fr\/?p=2427#articleImage","url":"https:\/\/secure.gravatar.com\/avatar\/3d0a4e448294fd898432b07f68e88e428274675fd33279d8b6464c84b878a547?s=96&d=mm&r=g","width":96,"height":96,"caption":"Fran\u00e7ois Balogh"},"datePublished":"2023-11-16T08:57:11+00:00","dateModified":"2023-11-16T08:57:42+00:00","inLanguage":"fr-FR","mainEntityOfPage":{"@id":"https:\/\/neigeinterieure.fr\/?p=2427#webpage"},"isPartOf":{"@id":"https:\/\/neigeinterieure.fr\/?p=2427#webpage"},"articleSection":"notes XVI. Dans le Nouveau monde"},{"@type":"BreadcrumbList","@id":"https:\/\/neigeinterieure.fr\/?p=2427#breadcrumblist","itemListElement":[{"@type":"ListItem","@id":"https:\/\/neigeinterieure.fr#listItem","position":1,"name":"Home","item":"https:\/\/neigeinterieure.fr","nextItem":{"@type":"ListItem","@id":"https:\/\/neigeinterieure.fr\/?cat=8#listItem","name":"notes XVI. Dans le Nouveau monde"}},{"@type":"ListItem","@id":"https:\/\/neigeinterieure.fr\/?cat=8#listItem","position":2,"name":"notes XVI. Dans le Nouveau monde","item":"https:\/\/neigeinterieure.fr\/?cat=8","nextItem":{"@type":"ListItem","@id":"https:\/\/neigeinterieure.fr\/?p=2427#listItem","name":"Lundi 16 novembre 1998, Nantes"},"previousItem":{"@type":"ListItem","@id":"https:\/\/neigeinterieure.fr#listItem","name":"Home"}},{"@type":"ListItem","@id":"https:\/\/neigeinterieure.fr\/?p=2427#listItem","position":3,"name":"Lundi 16 novembre 1998, Nantes","previousItem":{"@type":"ListItem","@id":"https:\/\/neigeinterieure.fr\/?cat=8#listItem","name":"notes XVI. Dans le Nouveau monde"}}]},{"@type":"Person","@id":"https:\/\/neigeinterieure.fr\/#person","name":"Fran\u00e7ois Balogh","image":{"@type":"ImageObject","@id":"https:\/\/neigeinterieure.fr\/?p=2427#personImage","url":"https:\/\/secure.gravatar.com\/avatar\/3d0a4e448294fd898432b07f68e88e428274675fd33279d8b6464c84b878a547?s=96&d=mm&r=g","width":96,"height":96,"caption":"Fran\u00e7ois Balogh"}},{"@type":"Person","@id":"https:\/\/neigeinterieure.fr\/?author=1#author","url":"https:\/\/neigeinterieure.fr\/?author=1","name":"Fran\u00e7ois Balogh","image":{"@type":"ImageObject","@id":"https:\/\/neigeinterieure.fr\/?p=2427#authorImage","url":"https:\/\/secure.gravatar.com\/avatar\/3d0a4e448294fd898432b07f68e88e428274675fd33279d8b6464c84b878a547?s=96&d=mm&r=g","width":96,"height":96,"caption":"Fran\u00e7ois Balogh"}},{"@type":"WebPage","@id":"https:\/\/neigeinterieure.fr\/?p=2427#webpage","url":"https:\/\/neigeinterieure.fr\/?p=2427","name":"Lundi 16 novembre 1998, Nantes - Neige int\u00e9rieure","description":"Ce soir, \u00e0 l\u2019issue d\u2019une journ\u00e9e de d\u00e9prime tendue et o\u00f9 j\u2019ai \u00e9t\u00e9 un peu malade, accept\u00e9 la suggestion de Sonia d\u2019aller voir Ceux qui m\u2019aiment prendront le train de Patrice Ch\u00e9reau (je n\u2019\u00e9tais pas all\u00e9 au cin\u00e9ma depuis un moment). Film int\u00e9ressant, d\u00e9rangeant parfois, tout de m\u00eame un peu mani\u00e9r\u00e9 ; et par endroit, j\u2019ai","inLanguage":"fr-FR","isPartOf":{"@id":"https:\/\/neigeinterieure.fr\/#website"},"breadcrumb":{"@id":"https:\/\/neigeinterieure.fr\/?p=2427#breadcrumblist"},"author":{"@id":"https:\/\/neigeinterieure.fr\/?author=1#author"},"creator":{"@id":"https:\/\/neigeinterieure.fr\/?author=1#author"},"datePublished":"2023-11-16T08:57:11+00:00","dateModified":"2023-11-16T08:57:42+00:00"},{"@type":"WebSite","@id":"https:\/\/neigeinterieure.fr\/#website","url":"https:\/\/neigeinterieure.fr\/","name":"Neige int\u00e9rieure","description":"les carnets de Fran\u00e7ois Balogh","inLanguage":"fr-FR","publisher":{"@id":"https:\/\/neigeinterieure.fr\/#person"}}]},"og:locale":"fr_FR","og:site_name":"Neige int\u00e9rieure - les carnets de Fran\u00e7ois Balogh","og:type":"article","og:title":"Lundi 16 novembre 1998, Nantes - Neige int\u00e9rieure","og:description":"Ce soir, \u00e0 l\u2019issue d\u2019une journ\u00e9e de d\u00e9prime tendue et o\u00f9 j\u2019ai \u00e9t\u00e9 un peu malade, accept\u00e9 la suggestion de Sonia d\u2019aller voir Ceux qui m\u2019aiment prendront le train de Patrice Ch\u00e9reau (je n\u2019\u00e9tais pas all\u00e9 au cin\u00e9ma depuis un moment). Film int\u00e9ressant, d\u00e9rangeant parfois, tout de m\u00eame un peu mani\u00e9r\u00e9 ; et par endroit, j\u2019ai","og:url":"https:\/\/neigeinterieure.fr\/?p=2427","article:published_time":"2023-11-16T08:57:11+00:00","article:modified_time":"2023-11-16T08:57:42+00:00","twitter:card":"summary","twitter:title":"Lundi 16 novembre 1998, Nantes - Neige int\u00e9rieure","twitter:description":"Ce soir, \u00e0 l\u2019issue d\u2019une journ\u00e9e de d\u00e9prime tendue et o\u00f9 j\u2019ai \u00e9t\u00e9 un peu malade, accept\u00e9 la suggestion de Sonia d\u2019aller voir Ceux qui m\u2019aiment prendront le train de Patrice Ch\u00e9reau (je n\u2019\u00e9tais pas all\u00e9 au cin\u00e9ma depuis un moment). Film int\u00e9ressant, d\u00e9rangeant parfois, tout de m\u00eame un peu mani\u00e9r\u00e9 ; et par endroit, j\u2019ai"},"aioseo_meta_data":{"post_id":"2427","title":null,"description":null,"keywords":[],"keyphrases":{"focus":{"keyphrase":"","score":0,"analysis":{"keyphraseInTitle":{"score":0,"maxScore":9,"error":1}}},"additional":[]},"primary_term":null,"canonical_url":null,"og_title":null,"og_description":null,"og_object_type":"default","og_image_type":"default","og_image_url":null,"og_image_width":null,"og_image_height":null,"og_image_custom_url":null,"og_image_custom_fields":null,"og_video":"","og_custom_url":null,"og_article_section":null,"og_article_tags":[],"twitter_use_og":false,"twitter_card":"default","twitter_image_type":"default","twitter_image_url":null,"twitter_image_custom_url":null,"twitter_image_custom_fields":null,"twitter_title":null,"twitter_description":null,"schema":{"blockGraphs":[],"customGraphs":[],"default":{"data":{"Article":[],"Course":[],"Dataset":[],"FAQPage":[],"Movie":[],"Person":[],"Product":[],"ProductReview":[],"Car":[],"Recipe":[],"Service":[],"SoftwareApplication":[],"WebPage":[]},"graphName":"BlogPosting","isEnabled":true},"graphs":[]},"schema_type":"default","schema_type_options":null,"pillar_content":false,"robots_default":true,"robots_noindex":false,"robots_noarchive":false,"robots_nosnippet":false,"robots_nofollow":false,"robots_noimageindex":false,"robots_noodp":false,"robots_notranslate":false,"robots_max_snippet":"-1","robots_max_videopreview":"-1","robots_max_imagepreview":"large","priority":null,"frequency":"default","local_seo":null,"breadcrumb_settings":null,"limit_modified_date":false,"ai":null,"created":"2023-11-16 08:57:11","updated":"2025-06-05 10:15:05","seo_analyzer_scan_date":null,"focus_keyword":null,"additional_keywords":null,"truseo_locale":null},"aioseo_breadcrumb":"<div class=\"aioseo-breadcrumbs\"><span class=\"aioseo-breadcrumb\">\n\t\t\t<a href=\"https:\/\/neigeinterieure.fr\" title=\"Home\">Home<\/a>\n\t\t<\/span><span class=\"aioseo-breadcrumb-separator\">&raquo;<\/span><span class=\"aioseo-breadcrumb\">\n\t\t\t<a href=\"https:\/\/neigeinterieure.fr\/?cat=8\" title=\"notes XVI. Dans le Nouveau monde\">notes XVI. Dans le Nouveau monde<\/a>\n\t\t<\/span><span class=\"aioseo-breadcrumb-separator\">&raquo;<\/span><span class=\"aioseo-breadcrumb\">\n\t\t\tLundi 16 novembre 1998, Nantes\n\t\t<\/span><\/div>","aioseo_breadcrumb_json":[{"label":"Home","link":"https:\/\/neigeinterieure.fr"},{"label":"notes XVI. Dans le Nouveau monde","link":"https:\/\/neigeinterieure.fr\/?cat=8"},{"label":"Lundi 16 novembre 1998, Nantes","link":"https:\/\/neigeinterieure.fr\/?p=2427"}],"_links":{"self":[{"href":"https:\/\/neigeinterieure.fr\/index.php?rest_route=\/wp\/v2\/posts\/2427","targetHints":{"allow":["GET"]}}],"collection":[{"href":"https:\/\/neigeinterieure.fr\/index.php?rest_route=\/wp\/v2\/posts"}],"about":[{"href":"https:\/\/neigeinterieure.fr\/index.php?rest_route=\/wp\/v2\/types\/post"}],"author":[{"embeddable":true,"href":"https:\/\/neigeinterieure.fr\/index.php?rest_route=\/wp\/v2\/users\/1"}],"replies":[{"embeddable":true,"href":"https:\/\/neigeinterieure.fr\/index.php?rest_route=%2Fwp%2Fv2%2Fcomments&post=2427"}],"version-history":[{"count":1,"href":"https:\/\/neigeinterieure.fr\/index.php?rest_route=\/wp\/v2\/posts\/2427\/revisions"}],"predecessor-version":[{"id":2428,"href":"https:\/\/neigeinterieure.fr\/index.php?rest_route=\/wp\/v2\/posts\/2427\/revisions\/2428"}],"wp:attachment":[{"href":"https:\/\/neigeinterieure.fr\/index.php?rest_route=%2Fwp%2Fv2%2Fmedia&parent=2427"}],"wp:term":[{"taxonomy":"category","embeddable":true,"href":"https:\/\/neigeinterieure.fr\/index.php?rest_route=%2Fwp%2Fv2%2Fcategories&post=2427"},{"taxonomy":"post_tag","embeddable":true,"href":"https:\/\/neigeinterieure.fr\/index.php?rest_route=%2Fwp%2Fv2%2Ftags&post=2427"}],"curies":[{"name":"wp","href":"https:\/\/api.w.org\/{rel}","templated":true}]}}