{"id":2457,"date":"2023-12-07T08:33:32","date_gmt":"2023-12-07T08:33:32","guid":{"rendered":"https:\/\/neigeinterieure.fr\/?p=2457"},"modified":"2023-12-07T08:33:32","modified_gmt":"2023-12-07T08:33:32","slug":"lundi-7-decembre-98-nantes","status":"publish","type":"post","link":"https:\/\/neigeinterieure.fr\/?p=2457","title":{"rendered":"Lundi 7 d\u00e9cembre 98, Nantes"},"content":{"rendered":"<p>Regard\u00e9 <em>Ridicule<\/em> de Patrice Leconte, que je n\u2019avais pas vu \u00e0 la sortie (on en avait beaucoup parl\u00e9). Un bon film, sur une trame tr\u00e8s classique\u00a0: les emb\u00fbches pour parvenir dans le milieu (toujours) faisand\u00e9 des hautes sph\u00e8res<!--more--> ; les avanies du provincial qui le d\u00e9sire ; la vieille ma\u00eetresse qui se venge mais n\u2019en montre que plus sa d\u00e9convenue. Il tire un bon parti de se situer dans l\u2019ambiance d\u00e9l\u00e9t\u00e8re de la cour de Versailles. Il en dresse un portrait brillant \u2014 trop manich\u00e9en. \u00ab Brillant \u00bb, le cin\u00e9ma l\u2019est en revanche trop ; la mise en sc\u00e8ne est trop lisse, attendue, et frise par moments le t\u00e9l\u00e9film \u00ab de qualit\u00e9 \u00bb. Le risque du film en costumes. Autre chose d\u2019\u00e9nervant : cette manie de donner la conclusion du r\u00e9cit en quelques lignes qui s\u2019affichent sur le plan final ; un \u00e9chec cin\u00e9matographique \u00e0 mon sens. Je disais <em>un bon film<\/em> sous-entendant que c\u2019est un spectacle qui se laisse regarder avec plaisir, qui est bien fait, intelligent, dont nombre d\u2019acteurs sont excellents (Jean Rochefort, Fanny Ardant, Charles Berling tr\u00e8s s\u00e9duisant dans le r\u00f4le du h\u00e9ros\u00a0; Bernard Giraudeau)\u00a0; mais \u00e0 quoi il manque encore pour passer dans une cat\u00e9gorie sup\u00e9rieure.<\/p>\n<p>Je n\u2019avais pas envie de travailler en rentrant ; je n\u2019aurai fait qu\u2019une page aujourd\u2019hui, et n\u2019en suis qu\u2019\u00e0 quinze en tout. Maigre. D\u2019autant plus que ce \u00e0 quoi je suis occup\u00e9 pour le moment est mineur. Mais il fallait commencer par quelque chose.<\/p>\n\n\n<figure class=\"wp-block-embed is-type-video is-provider-youtube wp-block-embed-youtube wp-embed-aspect-16-9 wp-has-aspect-ratio\"><div class=\"wp-block-embed__wrapper\">\n<iframe title=\"RIDICULE Bande Annonce (1996) de Patrice Lecomte\" width=\"584\" height=\"329\" src=\"https:\/\/www.youtube.com\/embed\/A9dpq5ebigk?feature=oembed\" frameborder=\"0\" allow=\"accelerometer; autoplay; clipboard-write; encrypted-media; gyroscope; picture-in-picture; web-share\" referrerpolicy=\"strict-origin-when-cross-origin\" allowfullscreen><\/iframe>\n<\/div><\/figure>\n","protected":false},"excerpt":{"rendered":"<p>Regard\u00e9 Ridicule de Patrice Leconte, que je n\u2019avais pas vu \u00e0 la sortie (on en avait beaucoup parl\u00e9). Un bon film, sur une trame tr\u00e8s classique\u00a0: les emb\u00fbches pour parvenir dans le milieu (toujours) faisand\u00e9 des hautes sph\u00e8res<\/p>\n","protected":false},"author":1,"featured_media":0,"comment_status":"closed","ping_status":"open","sticky":false,"template":"","format":"standard","meta":{"om_disable_all_campaigns":false,"_monsterinsights_skip_tracking":false,"footnotes":""},"categories":[8],"tags":[],"class_list":["post-2457","post","type-post","status-publish","format-standard","hentry","category-notesxvi"],"aioseo_notices":[],"aioseo_head":"\n\t\t<!-- All in One SEO 5.0.1.1 - aioseo.com -->\n\t<meta name=\"description\" content=\"Regard\u00e9 Ridicule de Patrice Leconte, que je n\u2019avais pas vu \u00e0 la sortie (on en avait beaucoup parl\u00e9). Un bon film, sur une trame tr\u00e8s classique : les emb\u00fbches pour parvenir dans le milieu (toujours) faisand\u00e9 des hautes sph\u00e8res ; les avanies du provincial qui le d\u00e9sire ; la vieille ma\u00eetresse qui se venge mais n\u2019en\" \/>\n\t<meta name=\"robots\" content=\"max-image-preview:large\" \/>\n\t<meta name=\"author\" content=\"Fran\u00e7ois Balogh\"\/>\n\t<link rel=\"canonical\" href=\"https:\/\/neigeinterieure.fr\/?p=2457\" \/>\n\t<meta name=\"generator\" content=\"All in One SEO (AIOSEO) 5.0.1.1\" \/>\n\t\t<meta property=\"og:locale\" content=\"fr_FR\" \/>\n\t\t<meta property=\"og:site_name\" content=\"Neige int\u00e9rieure - les carnets de Fran\u00e7ois Balogh\" \/>\n\t\t<meta property=\"og:type\" content=\"article\" \/>\n\t\t<meta property=\"og:title\" content=\"Lundi 7 d\u00e9cembre 98, Nantes - Neige int\u00e9rieure\" \/>\n\t\t<meta property=\"og:description\" content=\"Regard\u00e9 Ridicule de Patrice Leconte, que je n\u2019avais pas vu \u00e0 la sortie (on en avait beaucoup parl\u00e9). Un bon film, sur une trame tr\u00e8s classique : les emb\u00fbches pour parvenir dans le milieu (toujours) faisand\u00e9 des hautes sph\u00e8res ; les avanies du provincial qui le d\u00e9sire ; la vieille ma\u00eetresse qui se venge mais n\u2019en\" \/>\n\t\t<meta property=\"og:url\" content=\"https:\/\/neigeinterieure.fr\/?p=2457\" \/>\n\t\t<meta property=\"article:published_time\" content=\"2023-12-07T08:33:32+00:00\" \/>\n\t\t<meta property=\"article:modified_time\" content=\"2023-12-07T08:33:32+00:00\" \/>\n\t\t<meta name=\"twitter:card\" content=\"summary\" \/>\n\t\t<meta name=\"twitter:title\" content=\"Lundi 7 d\u00e9cembre 98, Nantes - Neige int\u00e9rieure\" \/>\n\t\t<meta name=\"twitter:description\" content=\"Regard\u00e9 Ridicule de Patrice Leconte, que je n\u2019avais pas vu \u00e0 la sortie (on en avait beaucoup parl\u00e9). Un bon film, sur une trame tr\u00e8s classique : les emb\u00fbches pour parvenir dans le milieu (toujours) faisand\u00e9 des hautes sph\u00e8res ; les avanies du provincial qui le d\u00e9sire ; la vieille ma\u00eetresse qui se venge mais n\u2019en\" \/>\n\t\t<script type=\"application\/ld+json\" class=\"aioseo-schema\">\n\t\t\t{\"@context\":\"https:\\\/\\\/schema.org\",\"@graph\":[{\"@type\":\"BlogPosting\",\"@id\":\"https:\\\/\\\/neigeinterieure.fr\\\/?p=2457#blogposting\",\"name\":\"Lundi 7 d\\u00e9cembre 98, Nantes - Neige int\\u00e9rieure\",\"headline\":\"Lundi 7 d\\u00e9cembre 98, Nantes\",\"author\":{\"@id\":\"https:\\\/\\\/neigeinterieure.fr\\\/?author=1#author\"},\"publisher\":{\"@id\":\"https:\\\/\\\/neigeinterieure.fr\\\/#person\"},\"image\":{\"@type\":\"ImageObject\",\"@id\":\"https:\\\/\\\/neigeinterieure.fr\\\/?p=2457#articleImage\",\"url\":\"https:\\\/\\\/secure.gravatar.com\\\/avatar\\\/3d0a4e448294fd898432b07f68e88e428274675fd33279d8b6464c84b878a547?s=96&d=mm&r=g\",\"width\":96,\"height\":96,\"caption\":\"Fran\\u00e7ois Balogh\"},\"datePublished\":\"2023-12-07T08:33:32+00:00\",\"dateModified\":\"2023-12-07T08:33:32+00:00\",\"inLanguage\":\"fr-FR\",\"mainEntityOfPage\":{\"@id\":\"https:\\\/\\\/neigeinterieure.fr\\\/?p=2457#webpage\"},\"isPartOf\":{\"@id\":\"https:\\\/\\\/neigeinterieure.fr\\\/?p=2457#webpage\"},\"articleSection\":\"notes XVI. Dans le Nouveau monde\"},{\"@type\":\"BreadcrumbList\",\"@id\":\"https:\\\/\\\/neigeinterieure.fr\\\/?p=2457#breadcrumblist\",\"itemListElement\":[{\"@type\":\"ListItem\",\"@id\":\"https:\\\/\\\/neigeinterieure.fr#listItem\",\"position\":1,\"name\":\"Home\",\"item\":\"https:\\\/\\\/neigeinterieure.fr\",\"nextItem\":{\"@type\":\"ListItem\",\"@id\":\"https:\\\/\\\/neigeinterieure.fr\\\/?cat=8#listItem\",\"name\":\"notes XVI. Dans le Nouveau monde\"}},{\"@type\":\"ListItem\",\"@id\":\"https:\\\/\\\/neigeinterieure.fr\\\/?cat=8#listItem\",\"position\":2,\"name\":\"notes XVI. Dans le Nouveau monde\",\"item\":\"https:\\\/\\\/neigeinterieure.fr\\\/?cat=8\",\"nextItem\":{\"@type\":\"ListItem\",\"@id\":\"https:\\\/\\\/neigeinterieure.fr\\\/?p=2457#listItem\",\"name\":\"Lundi 7 d\\u00e9cembre 98, Nantes\"},\"previousItem\":{\"@type\":\"ListItem\",\"@id\":\"https:\\\/\\\/neigeinterieure.fr#listItem\",\"name\":\"Home\"}},{\"@type\":\"ListItem\",\"@id\":\"https:\\\/\\\/neigeinterieure.fr\\\/?p=2457#listItem\",\"position\":3,\"name\":\"Lundi 7 d\\u00e9cembre 98, Nantes\",\"previousItem\":{\"@type\":\"ListItem\",\"@id\":\"https:\\\/\\\/neigeinterieure.fr\\\/?cat=8#listItem\",\"name\":\"notes XVI. Dans le Nouveau monde\"}}]},{\"@type\":\"Person\",\"@id\":\"https:\\\/\\\/neigeinterieure.fr\\\/#person\",\"name\":\"Fran\\u00e7ois Balogh\",\"image\":{\"@type\":\"ImageObject\",\"@id\":\"https:\\\/\\\/neigeinterieure.fr\\\/?p=2457#personImage\",\"url\":\"https:\\\/\\\/secure.gravatar.com\\\/avatar\\\/3d0a4e448294fd898432b07f68e88e428274675fd33279d8b6464c84b878a547?s=96&d=mm&r=g\",\"width\":96,\"height\":96,\"caption\":\"Fran\\u00e7ois Balogh\"}},{\"@type\":\"Person\",\"@id\":\"https:\\\/\\\/neigeinterieure.fr\\\/?author=1#author\",\"url\":\"https:\\\/\\\/neigeinterieure.fr\\\/?author=1\",\"name\":\"Fran\\u00e7ois Balogh\",\"image\":{\"@type\":\"ImageObject\",\"@id\":\"https:\\\/\\\/neigeinterieure.fr\\\/?p=2457#authorImage\",\"url\":\"https:\\\/\\\/secure.gravatar.com\\\/avatar\\\/3d0a4e448294fd898432b07f68e88e428274675fd33279d8b6464c84b878a547?s=96&d=mm&r=g\",\"width\":96,\"height\":96,\"caption\":\"Fran\\u00e7ois Balogh\"}},{\"@type\":\"WebPage\",\"@id\":\"https:\\\/\\\/neigeinterieure.fr\\\/?p=2457#webpage\",\"url\":\"https:\\\/\\\/neigeinterieure.fr\\\/?p=2457\",\"name\":\"Lundi 7 d\\u00e9cembre 98, Nantes - Neige int\\u00e9rieure\",\"description\":\"Regard\\u00e9 Ridicule de Patrice Leconte, que je n\\u2019avais pas vu \\u00e0 la sortie (on en avait beaucoup parl\\u00e9). Un bon film, sur une trame tr\\u00e8s classique : les emb\\u00fbches pour parvenir dans le milieu (toujours) faisand\\u00e9 des hautes sph\\u00e8res ; les avanies du provincial qui le d\\u00e9sire ; la vieille ma\\u00eetresse qui se venge mais n\\u2019en\",\"inLanguage\":\"fr-FR\",\"isPartOf\":{\"@id\":\"https:\\\/\\\/neigeinterieure.fr\\\/#website\"},\"breadcrumb\":{\"@id\":\"https:\\\/\\\/neigeinterieure.fr\\\/?p=2457#breadcrumblist\"},\"author\":{\"@id\":\"https:\\\/\\\/neigeinterieure.fr\\\/?author=1#author\"},\"creator\":{\"@id\":\"https:\\\/\\\/neigeinterieure.fr\\\/?author=1#author\"},\"datePublished\":\"2023-12-07T08:33:32+00:00\",\"dateModified\":\"2023-12-07T08:33:32+00:00\"},{\"@type\":\"WebSite\",\"@id\":\"https:\\\/\\\/neigeinterieure.fr\\\/#website\",\"url\":\"https:\\\/\\\/neigeinterieure.fr\\\/\",\"name\":\"Neige int\\u00e9rieure\",\"description\":\"les carnets de Fran\\u00e7ois Balogh\",\"inLanguage\":\"fr-FR\",\"publisher\":{\"@id\":\"https:\\\/\\\/neigeinterieure.fr\\\/#person\"}}]}\n\t\t<\/script>\n\t\t<!-- All in One SEO -->\n\n","aioseo_head_json":{"title":"Lundi 7 d\u00e9cembre 98, Nantes - Neige int\u00e9rieure","description":"Regard\u00e9 Ridicule de Patrice Leconte, que je n\u2019avais pas vu \u00e0 la sortie (on en avait beaucoup parl\u00e9). Un bon film, sur une trame tr\u00e8s classique : les emb\u00fbches pour parvenir dans le milieu (toujours) faisand\u00e9 des hautes sph\u00e8res ; les avanies du provincial qui le d\u00e9sire ; la vieille ma\u00eetresse qui se venge mais n\u2019en","canonical_url":"https:\/\/neigeinterieure.fr\/?p=2457","robots":"max-image-preview:large","keywords":"","webmasterTools":{"miscellaneous":""},"schema":{"@context":"https:\/\/schema.org","@graph":[{"@type":"BlogPosting","@id":"https:\/\/neigeinterieure.fr\/?p=2457#blogposting","name":"Lundi 7 d\u00e9cembre 98, Nantes - Neige int\u00e9rieure","headline":"Lundi 7 d\u00e9cembre 98, Nantes","author":{"@id":"https:\/\/neigeinterieure.fr\/?author=1#author"},"publisher":{"@id":"https:\/\/neigeinterieure.fr\/#person"},"image":{"@type":"ImageObject","@id":"https:\/\/neigeinterieure.fr\/?p=2457#articleImage","url":"https:\/\/secure.gravatar.com\/avatar\/3d0a4e448294fd898432b07f68e88e428274675fd33279d8b6464c84b878a547?s=96&d=mm&r=g","width":96,"height":96,"caption":"Fran\u00e7ois Balogh"},"datePublished":"2023-12-07T08:33:32+00:00","dateModified":"2023-12-07T08:33:32+00:00","inLanguage":"fr-FR","mainEntityOfPage":{"@id":"https:\/\/neigeinterieure.fr\/?p=2457#webpage"},"isPartOf":{"@id":"https:\/\/neigeinterieure.fr\/?p=2457#webpage"},"articleSection":"notes XVI. Dans le Nouveau monde"},{"@type":"BreadcrumbList","@id":"https:\/\/neigeinterieure.fr\/?p=2457#breadcrumblist","itemListElement":[{"@type":"ListItem","@id":"https:\/\/neigeinterieure.fr#listItem","position":1,"name":"Home","item":"https:\/\/neigeinterieure.fr","nextItem":{"@type":"ListItem","@id":"https:\/\/neigeinterieure.fr\/?cat=8#listItem","name":"notes XVI. Dans le Nouveau monde"}},{"@type":"ListItem","@id":"https:\/\/neigeinterieure.fr\/?cat=8#listItem","position":2,"name":"notes XVI. Dans le Nouveau monde","item":"https:\/\/neigeinterieure.fr\/?cat=8","nextItem":{"@type":"ListItem","@id":"https:\/\/neigeinterieure.fr\/?p=2457#listItem","name":"Lundi 7 d\u00e9cembre 98, Nantes"},"previousItem":{"@type":"ListItem","@id":"https:\/\/neigeinterieure.fr#listItem","name":"Home"}},{"@type":"ListItem","@id":"https:\/\/neigeinterieure.fr\/?p=2457#listItem","position":3,"name":"Lundi 7 d\u00e9cembre 98, Nantes","previousItem":{"@type":"ListItem","@id":"https:\/\/neigeinterieure.fr\/?cat=8#listItem","name":"notes XVI. Dans le Nouveau monde"}}]},{"@type":"Person","@id":"https:\/\/neigeinterieure.fr\/#person","name":"Fran\u00e7ois Balogh","image":{"@type":"ImageObject","@id":"https:\/\/neigeinterieure.fr\/?p=2457#personImage","url":"https:\/\/secure.gravatar.com\/avatar\/3d0a4e448294fd898432b07f68e88e428274675fd33279d8b6464c84b878a547?s=96&d=mm&r=g","width":96,"height":96,"caption":"Fran\u00e7ois Balogh"}},{"@type":"Person","@id":"https:\/\/neigeinterieure.fr\/?author=1#author","url":"https:\/\/neigeinterieure.fr\/?author=1","name":"Fran\u00e7ois Balogh","image":{"@type":"ImageObject","@id":"https:\/\/neigeinterieure.fr\/?p=2457#authorImage","url":"https:\/\/secure.gravatar.com\/avatar\/3d0a4e448294fd898432b07f68e88e428274675fd33279d8b6464c84b878a547?s=96&d=mm&r=g","width":96,"height":96,"caption":"Fran\u00e7ois Balogh"}},{"@type":"WebPage","@id":"https:\/\/neigeinterieure.fr\/?p=2457#webpage","url":"https:\/\/neigeinterieure.fr\/?p=2457","name":"Lundi 7 d\u00e9cembre 98, Nantes - Neige int\u00e9rieure","description":"Regard\u00e9 Ridicule de Patrice Leconte, que je n\u2019avais pas vu \u00e0 la sortie (on en avait beaucoup parl\u00e9). Un bon film, sur une trame tr\u00e8s classique : les emb\u00fbches pour parvenir dans le milieu (toujours) faisand\u00e9 des hautes sph\u00e8res ; les avanies du provincial qui le d\u00e9sire ; la vieille ma\u00eetresse qui se venge mais n\u2019en","inLanguage":"fr-FR","isPartOf":{"@id":"https:\/\/neigeinterieure.fr\/#website"},"breadcrumb":{"@id":"https:\/\/neigeinterieure.fr\/?p=2457#breadcrumblist"},"author":{"@id":"https:\/\/neigeinterieure.fr\/?author=1#author"},"creator":{"@id":"https:\/\/neigeinterieure.fr\/?author=1#author"},"datePublished":"2023-12-07T08:33:32+00:00","dateModified":"2023-12-07T08:33:32+00:00"},{"@type":"WebSite","@id":"https:\/\/neigeinterieure.fr\/#website","url":"https:\/\/neigeinterieure.fr\/","name":"Neige int\u00e9rieure","description":"les carnets de Fran\u00e7ois Balogh","inLanguage":"fr-FR","publisher":{"@id":"https:\/\/neigeinterieure.fr\/#person"}}]},"og:locale":"fr_FR","og:site_name":"Neige int\u00e9rieure - les carnets de Fran\u00e7ois Balogh","og:type":"article","og:title":"Lundi 7 d\u00e9cembre 98, Nantes - Neige int\u00e9rieure","og:description":"Regard\u00e9 Ridicule de Patrice Leconte, que je n\u2019avais pas vu \u00e0 la sortie (on en avait beaucoup parl\u00e9). Un bon film, sur une trame tr\u00e8s classique : les emb\u00fbches pour parvenir dans le milieu (toujours) faisand\u00e9 des hautes sph\u00e8res ; les avanies du provincial qui le d\u00e9sire ; la vieille ma\u00eetresse qui se venge mais n\u2019en","og:url":"https:\/\/neigeinterieure.fr\/?p=2457","article:published_time":"2023-12-07T08:33:32+00:00","article:modified_time":"2023-12-07T08:33:32+00:00","twitter:card":"summary","twitter:title":"Lundi 7 d\u00e9cembre 98, Nantes - Neige int\u00e9rieure","twitter:description":"Regard\u00e9 Ridicule de Patrice Leconte, que je n\u2019avais pas vu \u00e0 la sortie (on en avait beaucoup parl\u00e9). Un bon film, sur une trame tr\u00e8s classique : les emb\u00fbches pour parvenir dans le milieu (toujours) faisand\u00e9 des hautes sph\u00e8res ; les avanies du provincial qui le d\u00e9sire ; la vieille ma\u00eetresse qui se venge mais n\u2019en"},"aioseo_meta_data":{"post_id":"2457","title":null,"description":null,"keywords":[],"keyphrases":{"focus":{"keyphrase":"","score":0,"analysis":{"keyphraseInTitle":{"score":0,"maxScore":9,"error":1}}},"additional":[]},"primary_term":null,"canonical_url":null,"og_title":null,"og_description":null,"og_object_type":"default","og_image_type":"default","og_image_url":null,"og_image_width":null,"og_image_height":null,"og_image_custom_url":null,"og_image_custom_fields":null,"og_video":"","og_custom_url":null,"og_article_section":null,"og_article_tags":[],"twitter_use_og":false,"twitter_card":"default","twitter_image_type":"default","twitter_image_url":null,"twitter_image_custom_url":null,"twitter_image_custom_fields":null,"twitter_title":null,"twitter_description":null,"schema":{"blockGraphs":[],"customGraphs":[],"default":{"data":{"Article":[],"Course":[],"Dataset":[],"FAQPage":[],"Movie":[],"Person":[],"Product":[],"ProductReview":[],"Car":[],"Recipe":[],"Service":[],"SoftwareApplication":[],"WebPage":[]},"graphName":"BlogPosting","isEnabled":true},"graphs":[]},"schema_type":"default","schema_type_options":null,"pillar_content":false,"robots_default":true,"robots_noindex":false,"robots_noarchive":false,"robots_nosnippet":false,"robots_nofollow":false,"robots_noimageindex":false,"robots_noodp":false,"robots_notranslate":false,"robots_max_snippet":"-1","robots_max_videopreview":"-1","robots_max_imagepreview":"large","priority":null,"frequency":"default","local_seo":null,"breadcrumb_settings":null,"limit_modified_date":false,"ai":null,"created":"2023-12-07 08:33:32","updated":"2025-06-05 10:17:15","seo_analyzer_scan_date":null,"focus_keyword":null,"additional_keywords":null,"truseo_locale":null},"aioseo_breadcrumb":"<div class=\"aioseo-breadcrumbs\"><span class=\"aioseo-breadcrumb\">\n\t\t\t<a href=\"https:\/\/neigeinterieure.fr\" title=\"Home\">Home<\/a>\n\t\t<\/span><span class=\"aioseo-breadcrumb-separator\">&raquo;<\/span><span class=\"aioseo-breadcrumb\">\n\t\t\t<a href=\"https:\/\/neigeinterieure.fr\/?cat=8\" title=\"notes XVI. Dans le Nouveau monde\">notes XVI. Dans le Nouveau monde<\/a>\n\t\t<\/span><span class=\"aioseo-breadcrumb-separator\">&raquo;<\/span><span class=\"aioseo-breadcrumb\">\n\t\t\tLundi 7 d\u00e9cembre 98, Nantes\n\t\t<\/span><\/div>","aioseo_breadcrumb_json":[{"label":"Home","link":"https:\/\/neigeinterieure.fr"},{"label":"notes XVI. Dans le Nouveau monde","link":"https:\/\/neigeinterieure.fr\/?cat=8"},{"label":"Lundi 7 d\u00e9cembre 98, Nantes","link":"https:\/\/neigeinterieure.fr\/?p=2457"}],"_links":{"self":[{"href":"https:\/\/neigeinterieure.fr\/index.php?rest_route=\/wp\/v2\/posts\/2457","targetHints":{"allow":["GET"]}}],"collection":[{"href":"https:\/\/neigeinterieure.fr\/index.php?rest_route=\/wp\/v2\/posts"}],"about":[{"href":"https:\/\/neigeinterieure.fr\/index.php?rest_route=\/wp\/v2\/types\/post"}],"author":[{"embeddable":true,"href":"https:\/\/neigeinterieure.fr\/index.php?rest_route=\/wp\/v2\/users\/1"}],"replies":[{"embeddable":true,"href":"https:\/\/neigeinterieure.fr\/index.php?rest_route=%2Fwp%2Fv2%2Fcomments&post=2457"}],"version-history":[{"count":1,"href":"https:\/\/neigeinterieure.fr\/index.php?rest_route=\/wp\/v2\/posts\/2457\/revisions"}],"predecessor-version":[{"id":2458,"href":"https:\/\/neigeinterieure.fr\/index.php?rest_route=\/wp\/v2\/posts\/2457\/revisions\/2458"}],"wp:attachment":[{"href":"https:\/\/neigeinterieure.fr\/index.php?rest_route=%2Fwp%2Fv2%2Fmedia&parent=2457"}],"wp:term":[{"taxonomy":"category","embeddable":true,"href":"https:\/\/neigeinterieure.fr\/index.php?rest_route=%2Fwp%2Fv2%2Fcategories&post=2457"},{"taxonomy":"post_tag","embeddable":true,"href":"https:\/\/neigeinterieure.fr\/index.php?rest_route=%2Fwp%2Fv2%2Ftags&post=2457"}],"curies":[{"name":"wp","href":"https:\/\/api.w.org\/{rel}","templated":true}]}}