{"id":3026,"date":"2025-03-22T14:40:42","date_gmt":"2025-03-22T14:40:42","guid":{"rendered":"https:\/\/neigeinterieure.fr\/?p=3026"},"modified":"2025-03-22T14:40:42","modified_gmt":"2025-03-22T14:40:42","slug":"mercredi-22-mars-2000-nantes","status":"publish","type":"post","link":"https:\/\/neigeinterieure.fr\/?p=3026","title":{"rendered":"Mercredi 22 mars 2000, Nantes"},"content":{"rendered":"<p>Journ\u00e9e \u00e0 travailler plus ou moins, un peu d\u00e9prim\u00e9, tard lev\u00e9. L&rsquo;air \u00e9tait doux pourtant, aujourd&rsquo;hui, il a fait tr\u00e8s beau. En d\u00e9but d&rsquo;apr\u00e8s-midi, Florence est pass\u00e9e comme elle me l&rsquo;avait dit hier soir, <!--more-->l&rsquo;air fatigu\u00e9. Assez vite, elle m&rsquo;annonce qu&rsquo;elle pr\u00e9f\u00e8re que nous ne soyons plus ensemble \u2013 comme c&rsquo;\u00e9tait dit d\u00e9licatement, pour que la s\u00e9paration vienne d&rsquo;un commun accord. Nous ne pouvons nous convenir\u00a0; il y a trop de choses qui ne vont pas, elle s&rsquo;est mise \u00e0 ne plus voir que \u00e7a (en gros ce qu&rsquo;elle m&rsquo;avait d\u00e9j\u00e0 dit samedi matin), elle s&rsquo;est mise \u00e0 moins m&rsquo;aimer, et ce n&rsquo;est donc plus possible. J\u2019ai r\u00e9ussi \u00e0 faire bien meilleure figure. Peut-\u00eatre a-t-elle raison, et que je penserai la m\u00eame chose qu&rsquo;elle dans les semaines \u00e0 venir\u00a0; pour le moment, c&rsquo;est un sale coup. Un \u00e9chec, deux mois seulement\u2026 A pleurer, vues les d\u00e9clarations du d\u00e9but, l&rsquo;enfant, etc. Mais comme elle le dit, \u00e7a n&rsquo;en enl\u00e8ve pas les bons moments qu&rsquo;on a eu \u2013 comme ils rel\u00e8vent maintenant du pass\u00e9 et que le pass\u00e9, elle \u00e9vite de se pencher dessus, \u00e7a amoindrit la port\u00e9e du propos. Enfin tant qu&rsquo;elle ne retrouve pas quelqu&rsquo;un, \u00e7a ira\u00a0: comme d&rsquo;habitude, c&rsquo;est la perspective de la voir avec un nouveau mec alors que moi je serai c\u00e9libataire qui m&rsquo;effraie\u00a0; je sais qu&rsquo;\u00e0 ce moment-l\u00e0, je souffrirai comme un con. Tant qu&rsquo;elle est seule, il reste encore quelque chose de notre relation, ne serait-ce que par son manque, qui nous unit encore \u2013 et on peut se faire toutes les protestations d&rsquo;amiti\u00e9 du monde en y croyant un peu (ou beaucoup). Je l&rsquo;accompagne \u00e0 son rendez-vous chez le m\u00e9decin rue du Mar\u00e9chal Joffre, sous le soleil, et lorsqu&rsquo;elle entre sous le porche, elle me donne un dernier baiser. J&rsquo;aurais pu \u00e9crire que nous l&rsquo;avons \u00e9chang\u00e9, mais \u00e0 cet instant comme en tant d&rsquo;autres, je me suis laiss\u00e9 faire, j&rsquo;aurais bien \u00e9t\u00e9 en peine de prendre aucune initiative. C&rsquo;est bien le probl\u00e8me. J&rsquo;attends qu&rsquo;on me donne la becqu\u00e9e, ou qu&rsquo;on ne me la donne pas (et dans ce cas, je me plains)\u00a0; je suis incapable de prendre les choses en main. C&rsquo;est bien pour \u00e7a qu&rsquo;on ne peut absolument pas dire que <em>nous<\/em> nous sommes s\u00e9par\u00e9s\u00a0: elle m&rsquo;a quitt\u00e9. \u00c7a veut dire aussi que je serai toujours quitt\u00e9. Bon, j&rsquo;essaie de prendre les choses avec d\u00e9tachement\u2026 Rentr\u00e9, je me suis encore masturb\u00e9\u00a0: les mauvaises habitudes vont vite revenir. Quelques heures au vernissage de Fabien, le copain de Marko\u00a0: peinture d\u00e9corative\u00a0; pas laide cependant (d&rsquo;apr\u00e8s Marko, sous son impulsion, il s&rsquo;orienterait maintenant vers des travaux <em>plus int\u00e9ressants<\/em>). Veill\u00e9 \u00e0 ne pas trop boire, longuement discut\u00e9 avec Jenny, puis Mathieu, \u00e0 qui j&rsquo;apprends ma s\u00e9paration (enfin je le pr\u00e9sente ainsi). En cours de soir\u00e9e, Mathix est revenu sur le cas Lo\u00efc. Il promet que Philippe et lui se mettront en gr\u00e8ve s&rsquo;il continue \u00e0 chanter aussi faux en concert. Puis, comme je le lui avais promis, pass\u00e9 chez Florence, que j&rsquo;ai tir\u00e9e de son sommeil\u00a0: mais elle m&rsquo;a tout de m\u00eame ouvert. Rest\u00e9 dormir, sur sa proposition. Nous n&rsquo;avons rien fait\u00a0; je craignais de toute fa\u00e7on pouvoir rien faire de bien, si c&rsquo;\u00e9tait venu. Mais quel plaisir, tout de m\u00eame, de me coucher aupr\u00e8s d&rsquo;elle, de sentir les d\u00e9licats parfums de son lit\u2026 une chose \u00e0 laquelle je m&rsquo;\u00e9tais bien vite habitu\u00e9\u00a0; et de devoir \u00e9teindre maintenant seul dans ma chambre \u00e0 la lumi\u00e8re glauque, voil\u00e0 une perspective peu r\u00e9jouissante.<\/p>\n","protected":false},"excerpt":{"rendered":"<p>Journ\u00e9e \u00e0 travailler plus ou moins, un peu d\u00e9prim\u00e9, tard lev\u00e9. L&rsquo;air \u00e9tait doux pourtant, aujourd&rsquo;hui, il a fait tr\u00e8s beau. En d\u00e9but d&rsquo;apr\u00e8s-midi, Florence est pass\u00e9e comme elle me l&rsquo;avait dit hier soir,<\/p>\n","protected":false},"author":1,"featured_media":0,"comment_status":"closed","ping_status":"open","sticky":false,"template":"","format":"standard","meta":{"om_disable_all_campaigns":false,"_monsterinsights_skip_tracking":false,"footnotes":""},"categories":[13],"tags":[],"class_list":["post-3026","post","type-post","status-publish","format-standard","hentry","category-notes-xviii-la-poudre-aux-yeux"],"aioseo_notices":[],"aioseo_head":"\n\t\t<!-- All in One SEO 5.0.1.1 - aioseo.com -->\n\t<meta name=\"description\" content=\"Journ\u00e9e \u00e0 travailler plus ou moins, un peu d\u00e9prim\u00e9, tard lev\u00e9. L&#039;air \u00e9tait doux pourtant, aujourd&#039;hui, il a fait tr\u00e8s beau. En d\u00e9but d&#039;apr\u00e8s-midi, Florence est pass\u00e9e comme elle me l&#039;avait dit hier soir, l&#039;air fatigu\u00e9. Assez vite, elle m&#039;annonce qu&#039;elle pr\u00e9f\u00e8re que nous ne soyons plus ensemble \u2013 comme c&#039;\u00e9tait dit d\u00e9licatement, pour que\" \/>\n\t<meta name=\"robots\" content=\"max-image-preview:large\" \/>\n\t<meta name=\"author\" content=\"Fran\u00e7ois Balogh\"\/>\n\t<link rel=\"canonical\" href=\"https:\/\/neigeinterieure.fr\/?p=3026\" \/>\n\t<meta name=\"generator\" content=\"All in One SEO (AIOSEO) 5.0.1.1\" \/>\n\t\t<meta property=\"og:locale\" content=\"fr_FR\" \/>\n\t\t<meta property=\"og:site_name\" content=\"Neige int\u00e9rieure - les carnets de Fran\u00e7ois Balogh\" \/>\n\t\t<meta property=\"og:type\" content=\"article\" \/>\n\t\t<meta property=\"og:title\" content=\"Mercredi 22 mars 2000, Nantes - Neige int\u00e9rieure\" \/>\n\t\t<meta property=\"og:description\" content=\"Journ\u00e9e \u00e0 travailler plus ou moins, un peu d\u00e9prim\u00e9, tard lev\u00e9. L&#039;air \u00e9tait doux pourtant, aujourd&#039;hui, il a fait tr\u00e8s beau. En d\u00e9but d&#039;apr\u00e8s-midi, Florence est pass\u00e9e comme elle me l&#039;avait dit hier soir, l&#039;air fatigu\u00e9. Assez vite, elle m&#039;annonce qu&#039;elle pr\u00e9f\u00e8re que nous ne soyons plus ensemble \u2013 comme c&#039;\u00e9tait dit d\u00e9licatement, pour que\" \/>\n\t\t<meta property=\"og:url\" content=\"https:\/\/neigeinterieure.fr\/?p=3026\" \/>\n\t\t<meta property=\"article:published_time\" content=\"2025-03-22T14:40:42+00:00\" \/>\n\t\t<meta property=\"article:modified_time\" content=\"2025-03-22T14:40:42+00:00\" \/>\n\t\t<meta name=\"twitter:card\" content=\"summary\" \/>\n\t\t<meta name=\"twitter:title\" content=\"Mercredi 22 mars 2000, Nantes - Neige int\u00e9rieure\" \/>\n\t\t<meta name=\"twitter:description\" content=\"Journ\u00e9e \u00e0 travailler plus ou moins, un peu d\u00e9prim\u00e9, tard lev\u00e9. L&#039;air \u00e9tait doux pourtant, aujourd&#039;hui, il a fait tr\u00e8s beau. En d\u00e9but d&#039;apr\u00e8s-midi, Florence est pass\u00e9e comme elle me l&#039;avait dit hier soir, l&#039;air fatigu\u00e9. Assez vite, elle m&#039;annonce qu&#039;elle pr\u00e9f\u00e8re que nous ne soyons plus ensemble \u2013 comme c&#039;\u00e9tait dit d\u00e9licatement, pour que\" \/>\n\t\t<script type=\"application\/ld+json\" class=\"aioseo-schema\">\n\t\t\t{\"@context\":\"https:\\\/\\\/schema.org\",\"@graph\":[{\"@type\":\"BlogPosting\",\"@id\":\"https:\\\/\\\/neigeinterieure.fr\\\/?p=3026#blogposting\",\"name\":\"Mercredi 22 mars 2000, Nantes - Neige int\\u00e9rieure\",\"headline\":\"Mercredi 22 mars 2000, Nantes\",\"author\":{\"@id\":\"https:\\\/\\\/neigeinterieure.fr\\\/?author=1#author\"},\"publisher\":{\"@id\":\"https:\\\/\\\/neigeinterieure.fr\\\/#person\"},\"image\":{\"@type\":\"ImageObject\",\"@id\":\"https:\\\/\\\/neigeinterieure.fr\\\/?p=3026#articleImage\",\"url\":\"https:\\\/\\\/secure.gravatar.com\\\/avatar\\\/3d0a4e448294fd898432b07f68e88e428274675fd33279d8b6464c84b878a547?s=96&d=mm&r=g\",\"width\":96,\"height\":96,\"caption\":\"Fran\\u00e7ois Balogh\"},\"datePublished\":\"2025-03-22T14:40:42+00:00\",\"dateModified\":\"2025-03-22T14:40:42+00:00\",\"inLanguage\":\"fr-FR\",\"mainEntityOfPage\":{\"@id\":\"https:\\\/\\\/neigeinterieure.fr\\\/?p=3026#webpage\"},\"isPartOf\":{\"@id\":\"https:\\\/\\\/neigeinterieure.fr\\\/?p=3026#webpage\"},\"articleSection\":\"notes XVIII. La Poudre aux yeux\"},{\"@type\":\"BreadcrumbList\",\"@id\":\"https:\\\/\\\/neigeinterieure.fr\\\/?p=3026#breadcrumblist\",\"itemListElement\":[{\"@type\":\"ListItem\",\"@id\":\"https:\\\/\\\/neigeinterieure.fr#listItem\",\"position\":1,\"name\":\"Home\",\"item\":\"https:\\\/\\\/neigeinterieure.fr\",\"nextItem\":{\"@type\":\"ListItem\",\"@id\":\"https:\\\/\\\/neigeinterieure.fr\\\/?cat=13#listItem\",\"name\":\"notes XVIII. La Poudre aux yeux\"}},{\"@type\":\"ListItem\",\"@id\":\"https:\\\/\\\/neigeinterieure.fr\\\/?cat=13#listItem\",\"position\":2,\"name\":\"notes XVIII. La Poudre aux yeux\",\"item\":\"https:\\\/\\\/neigeinterieure.fr\\\/?cat=13\",\"nextItem\":{\"@type\":\"ListItem\",\"@id\":\"https:\\\/\\\/neigeinterieure.fr\\\/?p=3026#listItem\",\"name\":\"Mercredi 22 mars 2000, Nantes\"},\"previousItem\":{\"@type\":\"ListItem\",\"@id\":\"https:\\\/\\\/neigeinterieure.fr#listItem\",\"name\":\"Home\"}},{\"@type\":\"ListItem\",\"@id\":\"https:\\\/\\\/neigeinterieure.fr\\\/?p=3026#listItem\",\"position\":3,\"name\":\"Mercredi 22 mars 2000, Nantes\",\"previousItem\":{\"@type\":\"ListItem\",\"@id\":\"https:\\\/\\\/neigeinterieure.fr\\\/?cat=13#listItem\",\"name\":\"notes XVIII. La Poudre aux yeux\"}}]},{\"@type\":\"Person\",\"@id\":\"https:\\\/\\\/neigeinterieure.fr\\\/#person\",\"name\":\"Fran\\u00e7ois Balogh\",\"image\":{\"@type\":\"ImageObject\",\"@id\":\"https:\\\/\\\/neigeinterieure.fr\\\/?p=3026#personImage\",\"url\":\"https:\\\/\\\/secure.gravatar.com\\\/avatar\\\/3d0a4e448294fd898432b07f68e88e428274675fd33279d8b6464c84b878a547?s=96&d=mm&r=g\",\"width\":96,\"height\":96,\"caption\":\"Fran\\u00e7ois Balogh\"}},{\"@type\":\"Person\",\"@id\":\"https:\\\/\\\/neigeinterieure.fr\\\/?author=1#author\",\"url\":\"https:\\\/\\\/neigeinterieure.fr\\\/?author=1\",\"name\":\"Fran\\u00e7ois Balogh\",\"image\":{\"@type\":\"ImageObject\",\"@id\":\"https:\\\/\\\/neigeinterieure.fr\\\/?p=3026#authorImage\",\"url\":\"https:\\\/\\\/secure.gravatar.com\\\/avatar\\\/3d0a4e448294fd898432b07f68e88e428274675fd33279d8b6464c84b878a547?s=96&d=mm&r=g\",\"width\":96,\"height\":96,\"caption\":\"Fran\\u00e7ois Balogh\"}},{\"@type\":\"WebPage\",\"@id\":\"https:\\\/\\\/neigeinterieure.fr\\\/?p=3026#webpage\",\"url\":\"https:\\\/\\\/neigeinterieure.fr\\\/?p=3026\",\"name\":\"Mercredi 22 mars 2000, Nantes - Neige int\\u00e9rieure\",\"description\":\"Journ\\u00e9e \\u00e0 travailler plus ou moins, un peu d\\u00e9prim\\u00e9, tard lev\\u00e9. L'air \\u00e9tait doux pourtant, aujourd'hui, il a fait tr\\u00e8s beau. En d\\u00e9but d'apr\\u00e8s-midi, Florence est pass\\u00e9e comme elle me l'avait dit hier soir, l'air fatigu\\u00e9. Assez vite, elle m'annonce qu'elle pr\\u00e9f\\u00e8re que nous ne soyons plus ensemble \\u2013 comme c'\\u00e9tait dit d\\u00e9licatement, pour que\",\"inLanguage\":\"fr-FR\",\"isPartOf\":{\"@id\":\"https:\\\/\\\/neigeinterieure.fr\\\/#website\"},\"breadcrumb\":{\"@id\":\"https:\\\/\\\/neigeinterieure.fr\\\/?p=3026#breadcrumblist\"},\"author\":{\"@id\":\"https:\\\/\\\/neigeinterieure.fr\\\/?author=1#author\"},\"creator\":{\"@id\":\"https:\\\/\\\/neigeinterieure.fr\\\/?author=1#author\"},\"datePublished\":\"2025-03-22T14:40:42+00:00\",\"dateModified\":\"2025-03-22T14:40:42+00:00\"},{\"@type\":\"WebSite\",\"@id\":\"https:\\\/\\\/neigeinterieure.fr\\\/#website\",\"url\":\"https:\\\/\\\/neigeinterieure.fr\\\/\",\"name\":\"Neige int\\u00e9rieure\",\"description\":\"les carnets de Fran\\u00e7ois Balogh\",\"inLanguage\":\"fr-FR\",\"publisher\":{\"@id\":\"https:\\\/\\\/neigeinterieure.fr\\\/#person\"}}]}\n\t\t<\/script>\n\t\t<!-- All in One SEO -->\n\n","aioseo_head_json":{"title":"Mercredi 22 mars 2000, Nantes - Neige int\u00e9rieure","description":"Journ\u00e9e \u00e0 travailler plus ou moins, un peu d\u00e9prim\u00e9, tard lev\u00e9. L'air \u00e9tait doux pourtant, aujourd'hui, il a fait tr\u00e8s beau. En d\u00e9but d'apr\u00e8s-midi, Florence est pass\u00e9e comme elle me l'avait dit hier soir, l'air fatigu\u00e9. Assez vite, elle m'annonce qu'elle pr\u00e9f\u00e8re que nous ne soyons plus ensemble \u2013 comme c'\u00e9tait dit d\u00e9licatement, pour que","canonical_url":"https:\/\/neigeinterieure.fr\/?p=3026","robots":"max-image-preview:large","keywords":"","webmasterTools":{"miscellaneous":""},"schema":{"@context":"https:\/\/schema.org","@graph":[{"@type":"BlogPosting","@id":"https:\/\/neigeinterieure.fr\/?p=3026#blogposting","name":"Mercredi 22 mars 2000, Nantes - Neige int\u00e9rieure","headline":"Mercredi 22 mars 2000, Nantes","author":{"@id":"https:\/\/neigeinterieure.fr\/?author=1#author"},"publisher":{"@id":"https:\/\/neigeinterieure.fr\/#person"},"image":{"@type":"ImageObject","@id":"https:\/\/neigeinterieure.fr\/?p=3026#articleImage","url":"https:\/\/secure.gravatar.com\/avatar\/3d0a4e448294fd898432b07f68e88e428274675fd33279d8b6464c84b878a547?s=96&d=mm&r=g","width":96,"height":96,"caption":"Fran\u00e7ois Balogh"},"datePublished":"2025-03-22T14:40:42+00:00","dateModified":"2025-03-22T14:40:42+00:00","inLanguage":"fr-FR","mainEntityOfPage":{"@id":"https:\/\/neigeinterieure.fr\/?p=3026#webpage"},"isPartOf":{"@id":"https:\/\/neigeinterieure.fr\/?p=3026#webpage"},"articleSection":"notes XVIII. La Poudre aux yeux"},{"@type":"BreadcrumbList","@id":"https:\/\/neigeinterieure.fr\/?p=3026#breadcrumblist","itemListElement":[{"@type":"ListItem","@id":"https:\/\/neigeinterieure.fr#listItem","position":1,"name":"Home","item":"https:\/\/neigeinterieure.fr","nextItem":{"@type":"ListItem","@id":"https:\/\/neigeinterieure.fr\/?cat=13#listItem","name":"notes XVIII. La Poudre aux yeux"}},{"@type":"ListItem","@id":"https:\/\/neigeinterieure.fr\/?cat=13#listItem","position":2,"name":"notes XVIII. La Poudre aux yeux","item":"https:\/\/neigeinterieure.fr\/?cat=13","nextItem":{"@type":"ListItem","@id":"https:\/\/neigeinterieure.fr\/?p=3026#listItem","name":"Mercredi 22 mars 2000, Nantes"},"previousItem":{"@type":"ListItem","@id":"https:\/\/neigeinterieure.fr#listItem","name":"Home"}},{"@type":"ListItem","@id":"https:\/\/neigeinterieure.fr\/?p=3026#listItem","position":3,"name":"Mercredi 22 mars 2000, Nantes","previousItem":{"@type":"ListItem","@id":"https:\/\/neigeinterieure.fr\/?cat=13#listItem","name":"notes XVIII. La Poudre aux yeux"}}]},{"@type":"Person","@id":"https:\/\/neigeinterieure.fr\/#person","name":"Fran\u00e7ois Balogh","image":{"@type":"ImageObject","@id":"https:\/\/neigeinterieure.fr\/?p=3026#personImage","url":"https:\/\/secure.gravatar.com\/avatar\/3d0a4e448294fd898432b07f68e88e428274675fd33279d8b6464c84b878a547?s=96&d=mm&r=g","width":96,"height":96,"caption":"Fran\u00e7ois Balogh"}},{"@type":"Person","@id":"https:\/\/neigeinterieure.fr\/?author=1#author","url":"https:\/\/neigeinterieure.fr\/?author=1","name":"Fran\u00e7ois Balogh","image":{"@type":"ImageObject","@id":"https:\/\/neigeinterieure.fr\/?p=3026#authorImage","url":"https:\/\/secure.gravatar.com\/avatar\/3d0a4e448294fd898432b07f68e88e428274675fd33279d8b6464c84b878a547?s=96&d=mm&r=g","width":96,"height":96,"caption":"Fran\u00e7ois Balogh"}},{"@type":"WebPage","@id":"https:\/\/neigeinterieure.fr\/?p=3026#webpage","url":"https:\/\/neigeinterieure.fr\/?p=3026","name":"Mercredi 22 mars 2000, Nantes - Neige int\u00e9rieure","description":"Journ\u00e9e \u00e0 travailler plus ou moins, un peu d\u00e9prim\u00e9, tard lev\u00e9. L'air \u00e9tait doux pourtant, aujourd'hui, il a fait tr\u00e8s beau. En d\u00e9but d'apr\u00e8s-midi, Florence est pass\u00e9e comme elle me l'avait dit hier soir, l'air fatigu\u00e9. Assez vite, elle m'annonce qu'elle pr\u00e9f\u00e8re que nous ne soyons plus ensemble \u2013 comme c'\u00e9tait dit d\u00e9licatement, pour que","inLanguage":"fr-FR","isPartOf":{"@id":"https:\/\/neigeinterieure.fr\/#website"},"breadcrumb":{"@id":"https:\/\/neigeinterieure.fr\/?p=3026#breadcrumblist"},"author":{"@id":"https:\/\/neigeinterieure.fr\/?author=1#author"},"creator":{"@id":"https:\/\/neigeinterieure.fr\/?author=1#author"},"datePublished":"2025-03-22T14:40:42+00:00","dateModified":"2025-03-22T14:40:42+00:00"},{"@type":"WebSite","@id":"https:\/\/neigeinterieure.fr\/#website","url":"https:\/\/neigeinterieure.fr\/","name":"Neige int\u00e9rieure","description":"les carnets de Fran\u00e7ois Balogh","inLanguage":"fr-FR","publisher":{"@id":"https:\/\/neigeinterieure.fr\/#person"}}]},"og:locale":"fr_FR","og:site_name":"Neige int\u00e9rieure - les carnets de Fran\u00e7ois Balogh","og:type":"article","og:title":"Mercredi 22 mars 2000, Nantes - Neige int\u00e9rieure","og:description":"Journ\u00e9e \u00e0 travailler plus ou moins, un peu d\u00e9prim\u00e9, tard lev\u00e9. L'air \u00e9tait doux pourtant, aujourd'hui, il a fait tr\u00e8s beau. En d\u00e9but d'apr\u00e8s-midi, Florence est pass\u00e9e comme elle me l'avait dit hier soir, l'air fatigu\u00e9. Assez vite, elle m'annonce qu'elle pr\u00e9f\u00e8re que nous ne soyons plus ensemble \u2013 comme c'\u00e9tait dit d\u00e9licatement, pour que","og:url":"https:\/\/neigeinterieure.fr\/?p=3026","article:published_time":"2025-03-22T14:40:42+00:00","article:modified_time":"2025-03-22T14:40:42+00:00","twitter:card":"summary","twitter:title":"Mercredi 22 mars 2000, Nantes - Neige int\u00e9rieure","twitter:description":"Journ\u00e9e \u00e0 travailler plus ou moins, un peu d\u00e9prim\u00e9, tard lev\u00e9. L'air \u00e9tait doux pourtant, aujourd'hui, il a fait tr\u00e8s beau. En d\u00e9but d'apr\u00e8s-midi, Florence est pass\u00e9e comme elle me l'avait dit hier soir, l'air fatigu\u00e9. Assez vite, elle m'annonce qu'elle pr\u00e9f\u00e8re que nous ne soyons plus ensemble \u2013 comme c'\u00e9tait dit d\u00e9licatement, pour que"},"aioseo_meta_data":{"post_id":"3026","title":null,"description":null,"keywords":null,"keyphrases":{"focus":{"keyphrase":"","score":0,"analysis":{"keyphraseInTitle":{"score":0,"maxScore":9,"error":1}}},"additional":[]},"primary_term":null,"canonical_url":null,"og_title":null,"og_description":null,"og_object_type":"default","og_image_type":"default","og_image_url":null,"og_image_width":null,"og_image_height":null,"og_image_custom_url":null,"og_image_custom_fields":null,"og_video":"","og_custom_url":null,"og_article_section":null,"og_article_tags":null,"twitter_use_og":false,"twitter_card":"default","twitter_image_type":"default","twitter_image_url":null,"twitter_image_custom_url":null,"twitter_image_custom_fields":null,"twitter_title":null,"twitter_description":null,"schema":{"blockGraphs":[],"customGraphs":[],"default":{"data":{"Article":[],"Course":[],"Dataset":[],"FAQPage":[],"Movie":[],"Person":[],"Product":[],"ProductReview":[],"Car":[],"Recipe":[],"Service":[],"SoftwareApplication":[],"WebPage":[]},"graphName":"BlogPosting","isEnabled":true},"graphs":[]},"schema_type":"default","schema_type_options":null,"pillar_content":false,"robots_default":true,"robots_noindex":false,"robots_noarchive":false,"robots_nosnippet":false,"robots_nofollow":false,"robots_noimageindex":false,"robots_noodp":false,"robots_notranslate":false,"robots_max_snippet":"-1","robots_max_videopreview":"-1","robots_max_imagepreview":"large","priority":null,"frequency":"default","local_seo":null,"breadcrumb_settings":null,"limit_modified_date":false,"ai":null,"created":"2025-03-22 14:40:42","updated":"2025-06-05 10:55:58","seo_analyzer_scan_date":null,"focus_keyword":null,"additional_keywords":null,"truseo_locale":null},"aioseo_breadcrumb":"<div class=\"aioseo-breadcrumbs\"><span class=\"aioseo-breadcrumb\">\n\t\t\t<a href=\"https:\/\/neigeinterieure.fr\" title=\"Home\">Home<\/a>\n\t\t<\/span><span class=\"aioseo-breadcrumb-separator\">&raquo;<\/span><span class=\"aioseo-breadcrumb\">\n\t\t\t<a href=\"https:\/\/neigeinterieure.fr\/?cat=13\" title=\"notes XVIII. La Poudre aux yeux\">notes XVIII. La Poudre aux yeux<\/a>\n\t\t<\/span><span class=\"aioseo-breadcrumb-separator\">&raquo;<\/span><span class=\"aioseo-breadcrumb\">\n\t\t\tMercredi 22 mars 2000, Nantes\n\t\t<\/span><\/div>","aioseo_breadcrumb_json":[{"label":"Home","link":"https:\/\/neigeinterieure.fr"},{"label":"notes XVIII. La Poudre aux yeux","link":"https:\/\/neigeinterieure.fr\/?cat=13"},{"label":"Mercredi 22 mars 2000, Nantes","link":"https:\/\/neigeinterieure.fr\/?p=3026"}],"_links":{"self":[{"href":"https:\/\/neigeinterieure.fr\/index.php?rest_route=\/wp\/v2\/posts\/3026","targetHints":{"allow":["GET"]}}],"collection":[{"href":"https:\/\/neigeinterieure.fr\/index.php?rest_route=\/wp\/v2\/posts"}],"about":[{"href":"https:\/\/neigeinterieure.fr\/index.php?rest_route=\/wp\/v2\/types\/post"}],"author":[{"embeddable":true,"href":"https:\/\/neigeinterieure.fr\/index.php?rest_route=\/wp\/v2\/users\/1"}],"replies":[{"embeddable":true,"href":"https:\/\/neigeinterieure.fr\/index.php?rest_route=%2Fwp%2Fv2%2Fcomments&post=3026"}],"version-history":[{"count":1,"href":"https:\/\/neigeinterieure.fr\/index.php?rest_route=\/wp\/v2\/posts\/3026\/revisions"}],"predecessor-version":[{"id":3027,"href":"https:\/\/neigeinterieure.fr\/index.php?rest_route=\/wp\/v2\/posts\/3026\/revisions\/3027"}],"wp:attachment":[{"href":"https:\/\/neigeinterieure.fr\/index.php?rest_route=%2Fwp%2Fv2%2Fmedia&parent=3026"}],"wp:term":[{"taxonomy":"category","embeddable":true,"href":"https:\/\/neigeinterieure.fr\/index.php?rest_route=%2Fwp%2Fv2%2Fcategories&post=3026"},{"taxonomy":"post_tag","embeddable":true,"href":"https:\/\/neigeinterieure.fr\/index.php?rest_route=%2Fwp%2Fv2%2Ftags&post=3026"}],"curies":[{"name":"wp","href":"https:\/\/api.w.org\/{rel}","templated":true}]}}