{"id":3127,"date":"2025-05-13T07:01:58","date_gmt":"2025-05-13T07:01:58","guid":{"rendered":"https:\/\/neigeinterieure.fr\/?p=3127"},"modified":"2025-05-13T07:01:58","modified_gmt":"2025-05-13T07:01:58","slug":"samedi-13-mai-2000-nantes","status":"publish","type":"post","link":"https:\/\/neigeinterieure.fr\/?p=3127","title":{"rendered":"Samedi 13 mai 2000, Nantes"},"content":{"rendered":"<p>En rentrant, un message de Florence. Qui commence par faire remarquer que bien s\u00fbr je ne suis pas l\u00e0, puisqu\u2019\u00ab\u00a0<em>on est samedi soir<\/em>\u00a0\u00bb\u00a0; elle a trouv\u00e9 un travail \u00e0 Paris, \u00ab\u00a0<em>dans le 1<sup>er<\/sup>, un quartier que j\u2019adore<\/em>\u00a0\u00bb\u00a0: <!--more-->mais pas comme biblioth\u00e9caire. Comme vendeuse pour une cr\u00e9atrice de mode \u2014 \u00ab <em>c&rsquo;est gr\u00e2ce \u00e0 des relations de mon ex<\/em> \u00bb : la boucle est boucl\u00e9e. Elle part donc bien \u00e0 la fin du mois, peut-\u00eatre m\u00eame avant. J\u2019ai pass\u00e9 deux soir\u00e9es avec Jenny, Ermold et ses histoires roumaines d\u00e9lirantes, Broerec ; deux soir\u00e9es o\u00f9 j\u2019ai peu pens\u00e9 \u00e0 elle \u2014 l\u2019intensit\u00e9 de ce que j\u2019ai ressenti pour elle m\u2019a manqu\u00e9 en revanche. Et puis hier \u00e0 Rennes j\u2019ai obtenu ma lettre de Branger (l\u2019ensemble de l\u2019entretien s\u2019est m\u00eame bien pass\u00e9 : sauf que je dois finir une premi\u00e8re version de ma th\u00e8se pour novembre, ce qui est une autre paire de manche\u2026). Il va falloir sans tarder mettre fin \u00e0 ce chapitre de mes notes, si \u00ab l\u2019\u00e9pisode Florence Lemoine \u00bb se termine ; mais j\u2019h\u00e9site \u2014 je n\u2019aurai la force de le faire que lorsque ma vie sera vraiment partie dans une autre direction. \u00c0 moins que l\u2019ann\u00e9e ne se termine avant, puisque je clos les chapitres sur la fin de l\u2019ann\u00e9e depuis que je n\u2019\u00e9cris plus \u00e0 la main sur des cahiers, mais directement sur l\u2019ordinateur.<\/p>\n","protected":false},"excerpt":{"rendered":"<p>En rentrant, un message de Florence. Qui commence par faire remarquer que bien s\u00fbr je ne suis pas l\u00e0, puisqu\u2019\u00ab\u00a0on est samedi soir\u00a0\u00bb\u00a0; elle a trouv\u00e9 un travail \u00e0 Paris, \u00ab\u00a0dans le 1er, un quartier que j\u2019adore\u00a0\u00bb\u00a0:<\/p>\n","protected":false},"author":1,"featured_media":0,"comment_status":"closed","ping_status":"open","sticky":false,"template":"","format":"standard","meta":{"om_disable_all_campaigns":false,"_monsterinsights_skip_tracking":false,"footnotes":""},"categories":[13],"tags":[],"class_list":["post-3127","post","type-post","status-publish","format-standard","hentry","category-notes-xviii-la-poudre-aux-yeux"],"aioseo_notices":[],"aioseo_head":"\n\t\t<!-- All in One SEO 5.0.1.1 - aioseo.com -->\n\t<meta name=\"description\" content=\"En rentrant, un message de Florence. Qui commence par faire remarquer que bien s\u00fbr je ne suis pas l\u00e0, puisqu\u2019\u00ab on est samedi soir \u00bb ; elle a trouv\u00e9 un travail \u00e0 Paris, \u00ab dans le 1er, un quartier que j\u2019adore \u00bb : mais pas comme biblioth\u00e9caire. Comme vendeuse pour une cr\u00e9atrice de mode \u2014 \u00ab c&#039;est gr\u00e2ce \u00e0 des relations\" \/>\n\t<meta name=\"robots\" content=\"max-image-preview:large\" \/>\n\t<meta name=\"author\" content=\"Fran\u00e7ois Balogh\"\/>\n\t<link rel=\"canonical\" href=\"https:\/\/neigeinterieure.fr\/?p=3127\" \/>\n\t<meta name=\"generator\" content=\"All in One SEO (AIOSEO) 5.0.1.1\" \/>\n\t\t<meta property=\"og:locale\" content=\"fr_FR\" \/>\n\t\t<meta property=\"og:site_name\" content=\"Neige int\u00e9rieure - les carnets de Fran\u00e7ois Balogh\" \/>\n\t\t<meta property=\"og:type\" content=\"article\" \/>\n\t\t<meta property=\"og:title\" content=\"Samedi 13 mai 2000, Nantes - Neige int\u00e9rieure\" \/>\n\t\t<meta property=\"og:description\" content=\"En rentrant, un message de Florence. Qui commence par faire remarquer que bien s\u00fbr je ne suis pas l\u00e0, puisqu\u2019\u00ab on est samedi soir \u00bb ; elle a trouv\u00e9 un travail \u00e0 Paris, \u00ab dans le 1er, un quartier que j\u2019adore \u00bb : mais pas comme biblioth\u00e9caire. Comme vendeuse pour une cr\u00e9atrice de mode \u2014 \u00ab c&#039;est gr\u00e2ce \u00e0 des relations\" \/>\n\t\t<meta property=\"og:url\" content=\"https:\/\/neigeinterieure.fr\/?p=3127\" \/>\n\t\t<meta property=\"article:published_time\" content=\"2025-05-13T07:01:58+00:00\" \/>\n\t\t<meta property=\"article:modified_time\" content=\"2025-05-13T07:01:58+00:00\" \/>\n\t\t<meta name=\"twitter:card\" content=\"summary\" \/>\n\t\t<meta name=\"twitter:title\" content=\"Samedi 13 mai 2000, Nantes - Neige int\u00e9rieure\" \/>\n\t\t<meta name=\"twitter:description\" content=\"En rentrant, un message de Florence. Qui commence par faire remarquer que bien s\u00fbr je ne suis pas l\u00e0, puisqu\u2019\u00ab on est samedi soir \u00bb ; elle a trouv\u00e9 un travail \u00e0 Paris, \u00ab dans le 1er, un quartier que j\u2019adore \u00bb : mais pas comme biblioth\u00e9caire. Comme vendeuse pour une cr\u00e9atrice de mode \u2014 \u00ab c&#039;est gr\u00e2ce \u00e0 des relations\" \/>\n\t\t<script type=\"application\/ld+json\" class=\"aioseo-schema\">\n\t\t\t{\"@context\":\"https:\\\/\\\/schema.org\",\"@graph\":[{\"@type\":\"BlogPosting\",\"@id\":\"https:\\\/\\\/neigeinterieure.fr\\\/?p=3127#blogposting\",\"name\":\"Samedi 13 mai 2000, Nantes - Neige int\\u00e9rieure\",\"headline\":\"Samedi 13 mai 2000, Nantes\",\"author\":{\"@id\":\"https:\\\/\\\/neigeinterieure.fr\\\/?author=1#author\"},\"publisher\":{\"@id\":\"https:\\\/\\\/neigeinterieure.fr\\\/#person\"},\"image\":{\"@type\":\"ImageObject\",\"@id\":\"https:\\\/\\\/neigeinterieure.fr\\\/?p=3127#articleImage\",\"url\":\"https:\\\/\\\/secure.gravatar.com\\\/avatar\\\/3d0a4e448294fd898432b07f68e88e428274675fd33279d8b6464c84b878a547?s=96&d=mm&r=g\",\"width\":96,\"height\":96,\"caption\":\"Fran\\u00e7ois Balogh\"},\"datePublished\":\"2025-05-13T07:01:58+00:00\",\"dateModified\":\"2025-05-13T07:01:58+00:00\",\"inLanguage\":\"fr-FR\",\"mainEntityOfPage\":{\"@id\":\"https:\\\/\\\/neigeinterieure.fr\\\/?p=3127#webpage\"},\"isPartOf\":{\"@id\":\"https:\\\/\\\/neigeinterieure.fr\\\/?p=3127#webpage\"},\"articleSection\":\"notes XVIII. La Poudre aux yeux\"},{\"@type\":\"BreadcrumbList\",\"@id\":\"https:\\\/\\\/neigeinterieure.fr\\\/?p=3127#breadcrumblist\",\"itemListElement\":[{\"@type\":\"ListItem\",\"@id\":\"https:\\\/\\\/neigeinterieure.fr#listItem\",\"position\":1,\"name\":\"Home\",\"item\":\"https:\\\/\\\/neigeinterieure.fr\",\"nextItem\":{\"@type\":\"ListItem\",\"@id\":\"https:\\\/\\\/neigeinterieure.fr\\\/?cat=13#listItem\",\"name\":\"notes XVIII. La Poudre aux yeux\"}},{\"@type\":\"ListItem\",\"@id\":\"https:\\\/\\\/neigeinterieure.fr\\\/?cat=13#listItem\",\"position\":2,\"name\":\"notes XVIII. La Poudre aux yeux\",\"item\":\"https:\\\/\\\/neigeinterieure.fr\\\/?cat=13\",\"nextItem\":{\"@type\":\"ListItem\",\"@id\":\"https:\\\/\\\/neigeinterieure.fr\\\/?p=3127#listItem\",\"name\":\"Samedi 13 mai 2000, Nantes\"},\"previousItem\":{\"@type\":\"ListItem\",\"@id\":\"https:\\\/\\\/neigeinterieure.fr#listItem\",\"name\":\"Home\"}},{\"@type\":\"ListItem\",\"@id\":\"https:\\\/\\\/neigeinterieure.fr\\\/?p=3127#listItem\",\"position\":3,\"name\":\"Samedi 13 mai 2000, Nantes\",\"previousItem\":{\"@type\":\"ListItem\",\"@id\":\"https:\\\/\\\/neigeinterieure.fr\\\/?cat=13#listItem\",\"name\":\"notes XVIII. La Poudre aux yeux\"}}]},{\"@type\":\"Person\",\"@id\":\"https:\\\/\\\/neigeinterieure.fr\\\/#person\",\"name\":\"Fran\\u00e7ois Balogh\",\"image\":{\"@type\":\"ImageObject\",\"@id\":\"https:\\\/\\\/neigeinterieure.fr\\\/?p=3127#personImage\",\"url\":\"https:\\\/\\\/secure.gravatar.com\\\/avatar\\\/3d0a4e448294fd898432b07f68e88e428274675fd33279d8b6464c84b878a547?s=96&d=mm&r=g\",\"width\":96,\"height\":96,\"caption\":\"Fran\\u00e7ois Balogh\"}},{\"@type\":\"Person\",\"@id\":\"https:\\\/\\\/neigeinterieure.fr\\\/?author=1#author\",\"url\":\"https:\\\/\\\/neigeinterieure.fr\\\/?author=1\",\"name\":\"Fran\\u00e7ois Balogh\",\"image\":{\"@type\":\"ImageObject\",\"@id\":\"https:\\\/\\\/neigeinterieure.fr\\\/?p=3127#authorImage\",\"url\":\"https:\\\/\\\/secure.gravatar.com\\\/avatar\\\/3d0a4e448294fd898432b07f68e88e428274675fd33279d8b6464c84b878a547?s=96&d=mm&r=g\",\"width\":96,\"height\":96,\"caption\":\"Fran\\u00e7ois Balogh\"}},{\"@type\":\"WebPage\",\"@id\":\"https:\\\/\\\/neigeinterieure.fr\\\/?p=3127#webpage\",\"url\":\"https:\\\/\\\/neigeinterieure.fr\\\/?p=3127\",\"name\":\"Samedi 13 mai 2000, Nantes - Neige int\\u00e9rieure\",\"description\":\"En rentrant, un message de Florence. Qui commence par faire remarquer que bien s\\u00fbr je ne suis pas l\\u00e0, puisqu\\u2019\\u00ab on est samedi soir \\u00bb ; elle a trouv\\u00e9 un travail \\u00e0 Paris, \\u00ab dans le 1er, un quartier que j\\u2019adore \\u00bb : mais pas comme biblioth\\u00e9caire. Comme vendeuse pour une cr\\u00e9atrice de mode \\u2014 \\u00ab c'est gr\\u00e2ce \\u00e0 des relations\",\"inLanguage\":\"fr-FR\",\"isPartOf\":{\"@id\":\"https:\\\/\\\/neigeinterieure.fr\\\/#website\"},\"breadcrumb\":{\"@id\":\"https:\\\/\\\/neigeinterieure.fr\\\/?p=3127#breadcrumblist\"},\"author\":{\"@id\":\"https:\\\/\\\/neigeinterieure.fr\\\/?author=1#author\"},\"creator\":{\"@id\":\"https:\\\/\\\/neigeinterieure.fr\\\/?author=1#author\"},\"datePublished\":\"2025-05-13T07:01:58+00:00\",\"dateModified\":\"2025-05-13T07:01:58+00:00\"},{\"@type\":\"WebSite\",\"@id\":\"https:\\\/\\\/neigeinterieure.fr\\\/#website\",\"url\":\"https:\\\/\\\/neigeinterieure.fr\\\/\",\"name\":\"Neige int\\u00e9rieure\",\"description\":\"les carnets de Fran\\u00e7ois Balogh\",\"inLanguage\":\"fr-FR\",\"publisher\":{\"@id\":\"https:\\\/\\\/neigeinterieure.fr\\\/#person\"}}]}\n\t\t<\/script>\n\t\t<!-- All in One SEO -->\n\n","aioseo_head_json":{"title":"Samedi 13 mai 2000, Nantes - Neige int\u00e9rieure","description":"En rentrant, un message de Florence. Qui commence par faire remarquer que bien s\u00fbr je ne suis pas l\u00e0, puisqu\u2019\u00ab on est samedi soir \u00bb ; elle a trouv\u00e9 un travail \u00e0 Paris, \u00ab dans le 1er, un quartier que j\u2019adore \u00bb : mais pas comme biblioth\u00e9caire. Comme vendeuse pour une cr\u00e9atrice de mode \u2014 \u00ab c'est gr\u00e2ce \u00e0 des relations","canonical_url":"https:\/\/neigeinterieure.fr\/?p=3127","robots":"max-image-preview:large","keywords":"","webmasterTools":{"miscellaneous":""},"schema":{"@context":"https:\/\/schema.org","@graph":[{"@type":"BlogPosting","@id":"https:\/\/neigeinterieure.fr\/?p=3127#blogposting","name":"Samedi 13 mai 2000, Nantes - Neige int\u00e9rieure","headline":"Samedi 13 mai 2000, Nantes","author":{"@id":"https:\/\/neigeinterieure.fr\/?author=1#author"},"publisher":{"@id":"https:\/\/neigeinterieure.fr\/#person"},"image":{"@type":"ImageObject","@id":"https:\/\/neigeinterieure.fr\/?p=3127#articleImage","url":"https:\/\/secure.gravatar.com\/avatar\/3d0a4e448294fd898432b07f68e88e428274675fd33279d8b6464c84b878a547?s=96&d=mm&r=g","width":96,"height":96,"caption":"Fran\u00e7ois Balogh"},"datePublished":"2025-05-13T07:01:58+00:00","dateModified":"2025-05-13T07:01:58+00:00","inLanguage":"fr-FR","mainEntityOfPage":{"@id":"https:\/\/neigeinterieure.fr\/?p=3127#webpage"},"isPartOf":{"@id":"https:\/\/neigeinterieure.fr\/?p=3127#webpage"},"articleSection":"notes XVIII. La Poudre aux yeux"},{"@type":"BreadcrumbList","@id":"https:\/\/neigeinterieure.fr\/?p=3127#breadcrumblist","itemListElement":[{"@type":"ListItem","@id":"https:\/\/neigeinterieure.fr#listItem","position":1,"name":"Home","item":"https:\/\/neigeinterieure.fr","nextItem":{"@type":"ListItem","@id":"https:\/\/neigeinterieure.fr\/?cat=13#listItem","name":"notes XVIII. La Poudre aux yeux"}},{"@type":"ListItem","@id":"https:\/\/neigeinterieure.fr\/?cat=13#listItem","position":2,"name":"notes XVIII. La Poudre aux yeux","item":"https:\/\/neigeinterieure.fr\/?cat=13","nextItem":{"@type":"ListItem","@id":"https:\/\/neigeinterieure.fr\/?p=3127#listItem","name":"Samedi 13 mai 2000, Nantes"},"previousItem":{"@type":"ListItem","@id":"https:\/\/neigeinterieure.fr#listItem","name":"Home"}},{"@type":"ListItem","@id":"https:\/\/neigeinterieure.fr\/?p=3127#listItem","position":3,"name":"Samedi 13 mai 2000, Nantes","previousItem":{"@type":"ListItem","@id":"https:\/\/neigeinterieure.fr\/?cat=13#listItem","name":"notes XVIII. La Poudre aux yeux"}}]},{"@type":"Person","@id":"https:\/\/neigeinterieure.fr\/#person","name":"Fran\u00e7ois Balogh","image":{"@type":"ImageObject","@id":"https:\/\/neigeinterieure.fr\/?p=3127#personImage","url":"https:\/\/secure.gravatar.com\/avatar\/3d0a4e448294fd898432b07f68e88e428274675fd33279d8b6464c84b878a547?s=96&d=mm&r=g","width":96,"height":96,"caption":"Fran\u00e7ois Balogh"}},{"@type":"Person","@id":"https:\/\/neigeinterieure.fr\/?author=1#author","url":"https:\/\/neigeinterieure.fr\/?author=1","name":"Fran\u00e7ois Balogh","image":{"@type":"ImageObject","@id":"https:\/\/neigeinterieure.fr\/?p=3127#authorImage","url":"https:\/\/secure.gravatar.com\/avatar\/3d0a4e448294fd898432b07f68e88e428274675fd33279d8b6464c84b878a547?s=96&d=mm&r=g","width":96,"height":96,"caption":"Fran\u00e7ois Balogh"}},{"@type":"WebPage","@id":"https:\/\/neigeinterieure.fr\/?p=3127#webpage","url":"https:\/\/neigeinterieure.fr\/?p=3127","name":"Samedi 13 mai 2000, Nantes - Neige int\u00e9rieure","description":"En rentrant, un message de Florence. Qui commence par faire remarquer que bien s\u00fbr je ne suis pas l\u00e0, puisqu\u2019\u00ab on est samedi soir \u00bb ; elle a trouv\u00e9 un travail \u00e0 Paris, \u00ab dans le 1er, un quartier que j\u2019adore \u00bb : mais pas comme biblioth\u00e9caire. Comme vendeuse pour une cr\u00e9atrice de mode \u2014 \u00ab c'est gr\u00e2ce \u00e0 des relations","inLanguage":"fr-FR","isPartOf":{"@id":"https:\/\/neigeinterieure.fr\/#website"},"breadcrumb":{"@id":"https:\/\/neigeinterieure.fr\/?p=3127#breadcrumblist"},"author":{"@id":"https:\/\/neigeinterieure.fr\/?author=1#author"},"creator":{"@id":"https:\/\/neigeinterieure.fr\/?author=1#author"},"datePublished":"2025-05-13T07:01:58+00:00","dateModified":"2025-05-13T07:01:58+00:00"},{"@type":"WebSite","@id":"https:\/\/neigeinterieure.fr\/#website","url":"https:\/\/neigeinterieure.fr\/","name":"Neige int\u00e9rieure","description":"les carnets de Fran\u00e7ois Balogh","inLanguage":"fr-FR","publisher":{"@id":"https:\/\/neigeinterieure.fr\/#person"}}]},"og:locale":"fr_FR","og:site_name":"Neige int\u00e9rieure - les carnets de Fran\u00e7ois Balogh","og:type":"article","og:title":"Samedi 13 mai 2000, Nantes - Neige int\u00e9rieure","og:description":"En rentrant, un message de Florence. Qui commence par faire remarquer que bien s\u00fbr je ne suis pas l\u00e0, puisqu\u2019\u00ab on est samedi soir \u00bb ; elle a trouv\u00e9 un travail \u00e0 Paris, \u00ab dans le 1er, un quartier que j\u2019adore \u00bb : mais pas comme biblioth\u00e9caire. Comme vendeuse pour une cr\u00e9atrice de mode \u2014 \u00ab c'est gr\u00e2ce \u00e0 des relations","og:url":"https:\/\/neigeinterieure.fr\/?p=3127","article:published_time":"2025-05-13T07:01:58+00:00","article:modified_time":"2025-05-13T07:01:58+00:00","twitter:card":"summary","twitter:title":"Samedi 13 mai 2000, Nantes - Neige int\u00e9rieure","twitter:description":"En rentrant, un message de Florence. Qui commence par faire remarquer que bien s\u00fbr je ne suis pas l\u00e0, puisqu\u2019\u00ab on est samedi soir \u00bb ; elle a trouv\u00e9 un travail \u00e0 Paris, \u00ab dans le 1er, un quartier que j\u2019adore \u00bb : mais pas comme biblioth\u00e9caire. Comme vendeuse pour une cr\u00e9atrice de mode \u2014 \u00ab c'est gr\u00e2ce \u00e0 des relations"},"aioseo_meta_data":{"post_id":"3127","title":null,"description":null,"keywords":null,"keyphrases":{"focus":{"keyphrase":"","score":0,"analysis":{"keyphraseInTitle":{"score":0,"maxScore":9,"error":1}}},"additional":[]},"primary_term":null,"canonical_url":null,"og_title":null,"og_description":null,"og_object_type":"default","og_image_type":"default","og_image_url":null,"og_image_width":null,"og_image_height":null,"og_image_custom_url":null,"og_image_custom_fields":null,"og_video":"","og_custom_url":null,"og_article_section":null,"og_article_tags":null,"twitter_use_og":false,"twitter_card":"default","twitter_image_type":"default","twitter_image_url":null,"twitter_image_custom_url":null,"twitter_image_custom_fields":null,"twitter_title":null,"twitter_description":null,"schema":{"blockGraphs":[],"customGraphs":[],"default":{"data":{"Article":[],"Course":[],"Dataset":[],"FAQPage":[],"Movie":[],"Person":[],"Product":[],"ProductReview":[],"Car":[],"Recipe":[],"Service":[],"SoftwareApplication":[],"WebPage":[]},"graphName":"BlogPosting","isEnabled":true},"graphs":[]},"schema_type":"default","schema_type_options":null,"pillar_content":false,"robots_default":true,"robots_noindex":false,"robots_noarchive":false,"robots_nosnippet":false,"robots_nofollow":false,"robots_noimageindex":false,"robots_noodp":false,"robots_notranslate":false,"robots_max_snippet":"-1","robots_max_videopreview":"-1","robots_max_imagepreview":"large","priority":null,"frequency":"default","local_seo":null,"breadcrumb_settings":null,"limit_modified_date":false,"ai":null,"created":"2025-05-13 07:01:58","updated":"2025-06-05 12:37:27","seo_analyzer_scan_date":null,"focus_keyword":null,"additional_keywords":null,"truseo_locale":null},"aioseo_breadcrumb":"<div class=\"aioseo-breadcrumbs\"><span class=\"aioseo-breadcrumb\">\n\t\t\t<a href=\"https:\/\/neigeinterieure.fr\" title=\"Home\">Home<\/a>\n\t\t<\/span><span class=\"aioseo-breadcrumb-separator\">&raquo;<\/span><span class=\"aioseo-breadcrumb\">\n\t\t\t<a href=\"https:\/\/neigeinterieure.fr\/?cat=13\" title=\"notes XVIII. La Poudre aux yeux\">notes XVIII. La Poudre aux yeux<\/a>\n\t\t<\/span><span class=\"aioseo-breadcrumb-separator\">&raquo;<\/span><span class=\"aioseo-breadcrumb\">\n\t\t\tSamedi 13 mai 2000, Nantes\n\t\t<\/span><\/div>","aioseo_breadcrumb_json":[{"label":"Home","link":"https:\/\/neigeinterieure.fr"},{"label":"notes XVIII. La Poudre aux yeux","link":"https:\/\/neigeinterieure.fr\/?cat=13"},{"label":"Samedi 13 mai 2000, Nantes","link":"https:\/\/neigeinterieure.fr\/?p=3127"}],"_links":{"self":[{"href":"https:\/\/neigeinterieure.fr\/index.php?rest_route=\/wp\/v2\/posts\/3127","targetHints":{"allow":["GET"]}}],"collection":[{"href":"https:\/\/neigeinterieure.fr\/index.php?rest_route=\/wp\/v2\/posts"}],"about":[{"href":"https:\/\/neigeinterieure.fr\/index.php?rest_route=\/wp\/v2\/types\/post"}],"author":[{"embeddable":true,"href":"https:\/\/neigeinterieure.fr\/index.php?rest_route=\/wp\/v2\/users\/1"}],"replies":[{"embeddable":true,"href":"https:\/\/neigeinterieure.fr\/index.php?rest_route=%2Fwp%2Fv2%2Fcomments&post=3127"}],"version-history":[{"count":1,"href":"https:\/\/neigeinterieure.fr\/index.php?rest_route=\/wp\/v2\/posts\/3127\/revisions"}],"predecessor-version":[{"id":3128,"href":"https:\/\/neigeinterieure.fr\/index.php?rest_route=\/wp\/v2\/posts\/3127\/revisions\/3128"}],"wp:attachment":[{"href":"https:\/\/neigeinterieure.fr\/index.php?rest_route=%2Fwp%2Fv2%2Fmedia&parent=3127"}],"wp:term":[{"taxonomy":"category","embeddable":true,"href":"https:\/\/neigeinterieure.fr\/index.php?rest_route=%2Fwp%2Fv2%2Fcategories&post=3127"},{"taxonomy":"post_tag","embeddable":true,"href":"https:\/\/neigeinterieure.fr\/index.php?rest_route=%2Fwp%2Fv2%2Ftags&post=3127"}],"curies":[{"name":"wp","href":"https:\/\/api.w.org\/{rel}","templated":true}]}}