{"id":3139,"date":"2025-05-20T07:02:34","date_gmt":"2025-05-20T07:02:34","guid":{"rendered":"https:\/\/neigeinterieure.fr\/?p=3139"},"modified":"2025-05-20T07:02:34","modified_gmt":"2025-05-20T07:02:34","slug":"samedi-20-mai-2000-nantes","status":"publish","type":"post","link":"https:\/\/neigeinterieure.fr\/?p=3139","title":{"rendered":"Samedi 20 mai 2000, Nantes"},"content":{"rendered":"<p>Hier soir, je me suis emmerd\u00e9 au caf\u00e9 ; c\u2019\u00e9tait avant que je ne lise les lignes ci-dessus, dans mon lit vers trois heures : mais j\u2019ai ressenti la situation \u00e0 peu pr\u00e8s de cette mani\u00e8re. Je suis rentr\u00e9 t\u00f4t, <!--more-->et j\u2019ai m\u00eame un peu travaill\u00e9. Mais la journ\u00e9e a \u00e9t\u00e9 de d\u00e9faite. Il n\u2019y avait pas de message de Florence sur le r\u00e9pondeur (ni de personne, \u00e0 vrai dire). Hier n\u00e9anmoins, j\u2019ai achet\u00e9 un cadeau pour son anniversaire, qui est dimanche : le disque de reprise de chansons des ann\u00e9es 30 de Brian Ferry, qu\u2019elle est all\u00e9e voir en concert \u00e0 Paris quand nous \u00e9tions encore ensemble<a href=\"#_ftn1\" name=\"_ftnref1\">[1]<\/a>. Mais je ne sais pas si je vais le lui offrir, je vais peut-\u00eatre le garder, en souvenir\u00a0; parce que je ne sais pas si je vais avoir le courage, ou la vanit\u00e9, de l\u2019appeler avant dimanche.<\/p>\n<p>Je l\u2019ai eu, ce courage. Mais j\u2019\u00e9tais si tendu que j\u2019ai pr\u00e9f\u00e9r\u00e9 appeler d\u2019abord le vid\u00e9aste que Vid\u00e9Ozone veut faire venir : c\u2019est tout dire. Et puis en fait, une longue heure et demie de conversation d\u00e9tendue et agr\u00e9able, o\u00f9 je lui ai racont\u00e9 le concert de Lo\u00efc mercredi, o\u00f9 elle s\u2019est \u00e9tendue en d\u00e9tail sur son travail chez Colette Haddad, le magasin de lingerie, sur Melpom\u00e8ne (que je sais triste qu\u2019elle parte, elle en a m\u00eame pleur\u00e9 devant moi au Flesselles), et o\u00f9 on s\u2019est dit qu\u2019on s\u2019aimait beaucoup.<\/p>\n<p><a href=\"#_ftnref1\" name=\"_ftn1\">[1]<\/a> C\u2019\u00e9tait juste quand je commen\u00e7ais \u00e0 r\u00e9colter les fruits du travail sur moi-m\u00eame que j\u2019avais fait pour l\u2019aimer encore\u00a0; elle, en revanche, s\u2019\u00e9loignait d\u00e9j\u00e0. Elle \u00e9tait venue chez moi apr\u00e8s son retour, avait critiqu\u00e9 la disposition des si\u00e8ges (qui faisait qu\u2019on ne pouvait se parler que de loin), et je m\u2019\u00e9tais assis \u00e0 ses pieds. Je crois que c\u2019\u00e9tait la premi\u00e8re fois que je la voyais porter des baskets (\u00ab\u00a0<em>Une vieille paire de mon ex<\/em>. \u00bb) ; elle avait tellement souffert de ses chaussures, \u00e0 force de marcher dans Paris, qu\u2019elle ne pouvait plus porter autre chose. C\u2019est aussi la fois o\u00f9 elle m\u2019a confi\u00e9 qu\u2019elle avait eu le projet de dormir dans le local \u00e0 poubelles de l\u2019ancien immeuble de son ex (mais n\u2019avait pas pu entrer), tant elle se refusait \u00e0 demander l\u2019h\u00e9bergement \u00e0 une amie. Florence est comme \u00e7a.<\/p>\n","protected":false},"excerpt":{"rendered":"<p>Hier soir, je me suis emmerd\u00e9 au caf\u00e9 ; c\u2019\u00e9tait avant que je ne lise les lignes ci-dessus, dans mon lit vers trois heures : mais j\u2019ai ressenti la situation \u00e0 peu pr\u00e8s de cette mani\u00e8re. Je suis rentr\u00e9 t\u00f4t,<\/p>\n","protected":false},"author":1,"featured_media":0,"comment_status":"closed","ping_status":"open","sticky":false,"template":"","format":"standard","meta":{"om_disable_all_campaigns":false,"_monsterinsights_skip_tracking":false,"footnotes":""},"categories":[13],"tags":[],"class_list":["post-3139","post","type-post","status-publish","format-standard","hentry","category-notes-xviii-la-poudre-aux-yeux"],"aioseo_notices":[],"aioseo_head":"\n\t\t<!-- All in One SEO 5.0.1.1 - aioseo.com -->\n\t<meta name=\"description\" content=\"Hier soir, je me suis emmerd\u00e9 au caf\u00e9 ; c\u2019\u00e9tait avant que je ne lise les lignes ci-dessus, dans mon lit vers trois heures : mais j\u2019ai ressenti la situation \u00e0 peu pr\u00e8s de cette mani\u00e8re. Je suis rentr\u00e9 t\u00f4t, et j\u2019ai m\u00eame un peu travaill\u00e9. Mais la journ\u00e9e a \u00e9t\u00e9 de d\u00e9faite. Il n\u2019y\" \/>\n\t<meta name=\"robots\" content=\"max-image-preview:large\" \/>\n\t<meta name=\"author\" content=\"Fran\u00e7ois Balogh\"\/>\n\t<link rel=\"canonical\" href=\"https:\/\/neigeinterieure.fr\/?p=3139\" \/>\n\t<meta name=\"generator\" content=\"All in One SEO (AIOSEO) 5.0.1.1\" \/>\n\t\t<meta property=\"og:locale\" content=\"fr_FR\" \/>\n\t\t<meta property=\"og:site_name\" content=\"Neige int\u00e9rieure - les carnets de Fran\u00e7ois Balogh\" \/>\n\t\t<meta property=\"og:type\" content=\"article\" \/>\n\t\t<meta property=\"og:title\" content=\"Samedi 20 mai 2000, Nantes - Neige int\u00e9rieure\" \/>\n\t\t<meta property=\"og:description\" content=\"Hier soir, je me suis emmerd\u00e9 au caf\u00e9 ; c\u2019\u00e9tait avant que je ne lise les lignes ci-dessus, dans mon lit vers trois heures : mais j\u2019ai ressenti la situation \u00e0 peu pr\u00e8s de cette mani\u00e8re. Je suis rentr\u00e9 t\u00f4t, et j\u2019ai m\u00eame un peu travaill\u00e9. Mais la journ\u00e9e a \u00e9t\u00e9 de d\u00e9faite. Il n\u2019y\" \/>\n\t\t<meta property=\"og:url\" content=\"https:\/\/neigeinterieure.fr\/?p=3139\" \/>\n\t\t<meta property=\"article:published_time\" content=\"2025-05-20T07:02:34+00:00\" \/>\n\t\t<meta property=\"article:modified_time\" content=\"2025-05-20T07:02:34+00:00\" \/>\n\t\t<meta name=\"twitter:card\" content=\"summary\" \/>\n\t\t<meta name=\"twitter:title\" content=\"Samedi 20 mai 2000, Nantes - Neige int\u00e9rieure\" \/>\n\t\t<meta name=\"twitter:description\" content=\"Hier soir, je me suis emmerd\u00e9 au caf\u00e9 ; c\u2019\u00e9tait avant que je ne lise les lignes ci-dessus, dans mon lit vers trois heures : mais j\u2019ai ressenti la situation \u00e0 peu pr\u00e8s de cette mani\u00e8re. Je suis rentr\u00e9 t\u00f4t, et j\u2019ai m\u00eame un peu travaill\u00e9. Mais la journ\u00e9e a \u00e9t\u00e9 de d\u00e9faite. Il n\u2019y\" \/>\n\t\t<script type=\"application\/ld+json\" class=\"aioseo-schema\">\n\t\t\t{\"@context\":\"https:\\\/\\\/schema.org\",\"@graph\":[{\"@type\":\"BlogPosting\",\"@id\":\"https:\\\/\\\/neigeinterieure.fr\\\/?p=3139#blogposting\",\"name\":\"Samedi 20 mai 2000, Nantes - Neige int\\u00e9rieure\",\"headline\":\"Samedi 20 mai 2000, Nantes\",\"author\":{\"@id\":\"https:\\\/\\\/neigeinterieure.fr\\\/?author=1#author\"},\"publisher\":{\"@id\":\"https:\\\/\\\/neigeinterieure.fr\\\/#person\"},\"image\":{\"@type\":\"ImageObject\",\"@id\":\"https:\\\/\\\/neigeinterieure.fr\\\/?p=3139#articleImage\",\"url\":\"https:\\\/\\\/secure.gravatar.com\\\/avatar\\\/3d0a4e448294fd898432b07f68e88e428274675fd33279d8b6464c84b878a547?s=96&d=mm&r=g\",\"width\":96,\"height\":96,\"caption\":\"Fran\\u00e7ois Balogh\"},\"datePublished\":\"2025-05-20T07:02:34+00:00\",\"dateModified\":\"2025-05-20T07:02:34+00:00\",\"inLanguage\":\"fr-FR\",\"mainEntityOfPage\":{\"@id\":\"https:\\\/\\\/neigeinterieure.fr\\\/?p=3139#webpage\"},\"isPartOf\":{\"@id\":\"https:\\\/\\\/neigeinterieure.fr\\\/?p=3139#webpage\"},\"articleSection\":\"notes XVIII. La Poudre aux yeux\"},{\"@type\":\"BreadcrumbList\",\"@id\":\"https:\\\/\\\/neigeinterieure.fr\\\/?p=3139#breadcrumblist\",\"itemListElement\":[{\"@type\":\"ListItem\",\"@id\":\"https:\\\/\\\/neigeinterieure.fr#listItem\",\"position\":1,\"name\":\"Home\",\"item\":\"https:\\\/\\\/neigeinterieure.fr\",\"nextItem\":{\"@type\":\"ListItem\",\"@id\":\"https:\\\/\\\/neigeinterieure.fr\\\/?cat=13#listItem\",\"name\":\"notes XVIII. La Poudre aux yeux\"}},{\"@type\":\"ListItem\",\"@id\":\"https:\\\/\\\/neigeinterieure.fr\\\/?cat=13#listItem\",\"position\":2,\"name\":\"notes XVIII. La Poudre aux yeux\",\"item\":\"https:\\\/\\\/neigeinterieure.fr\\\/?cat=13\",\"nextItem\":{\"@type\":\"ListItem\",\"@id\":\"https:\\\/\\\/neigeinterieure.fr\\\/?p=3139#listItem\",\"name\":\"Samedi 20 mai 2000, Nantes\"},\"previousItem\":{\"@type\":\"ListItem\",\"@id\":\"https:\\\/\\\/neigeinterieure.fr#listItem\",\"name\":\"Home\"}},{\"@type\":\"ListItem\",\"@id\":\"https:\\\/\\\/neigeinterieure.fr\\\/?p=3139#listItem\",\"position\":3,\"name\":\"Samedi 20 mai 2000, Nantes\",\"previousItem\":{\"@type\":\"ListItem\",\"@id\":\"https:\\\/\\\/neigeinterieure.fr\\\/?cat=13#listItem\",\"name\":\"notes XVIII. La Poudre aux yeux\"}}]},{\"@type\":\"Person\",\"@id\":\"https:\\\/\\\/neigeinterieure.fr\\\/#person\",\"name\":\"Fran\\u00e7ois Balogh\",\"image\":{\"@type\":\"ImageObject\",\"@id\":\"https:\\\/\\\/neigeinterieure.fr\\\/?p=3139#personImage\",\"url\":\"https:\\\/\\\/secure.gravatar.com\\\/avatar\\\/3d0a4e448294fd898432b07f68e88e428274675fd33279d8b6464c84b878a547?s=96&d=mm&r=g\",\"width\":96,\"height\":96,\"caption\":\"Fran\\u00e7ois Balogh\"}},{\"@type\":\"Person\",\"@id\":\"https:\\\/\\\/neigeinterieure.fr\\\/?author=1#author\",\"url\":\"https:\\\/\\\/neigeinterieure.fr\\\/?author=1\",\"name\":\"Fran\\u00e7ois Balogh\",\"image\":{\"@type\":\"ImageObject\",\"@id\":\"https:\\\/\\\/neigeinterieure.fr\\\/?p=3139#authorImage\",\"url\":\"https:\\\/\\\/secure.gravatar.com\\\/avatar\\\/3d0a4e448294fd898432b07f68e88e428274675fd33279d8b6464c84b878a547?s=96&d=mm&r=g\",\"width\":96,\"height\":96,\"caption\":\"Fran\\u00e7ois Balogh\"}},{\"@type\":\"WebPage\",\"@id\":\"https:\\\/\\\/neigeinterieure.fr\\\/?p=3139#webpage\",\"url\":\"https:\\\/\\\/neigeinterieure.fr\\\/?p=3139\",\"name\":\"Samedi 20 mai 2000, Nantes - Neige int\\u00e9rieure\",\"description\":\"Hier soir, je me suis emmerd\\u00e9 au caf\\u00e9 ; c\\u2019\\u00e9tait avant que je ne lise les lignes ci-dessus, dans mon lit vers trois heures : mais j\\u2019ai ressenti la situation \\u00e0 peu pr\\u00e8s de cette mani\\u00e8re. Je suis rentr\\u00e9 t\\u00f4t, et j\\u2019ai m\\u00eame un peu travaill\\u00e9. Mais la journ\\u00e9e a \\u00e9t\\u00e9 de d\\u00e9faite. Il n\\u2019y\",\"inLanguage\":\"fr-FR\",\"isPartOf\":{\"@id\":\"https:\\\/\\\/neigeinterieure.fr\\\/#website\"},\"breadcrumb\":{\"@id\":\"https:\\\/\\\/neigeinterieure.fr\\\/?p=3139#breadcrumblist\"},\"author\":{\"@id\":\"https:\\\/\\\/neigeinterieure.fr\\\/?author=1#author\"},\"creator\":{\"@id\":\"https:\\\/\\\/neigeinterieure.fr\\\/?author=1#author\"},\"datePublished\":\"2025-05-20T07:02:34+00:00\",\"dateModified\":\"2025-05-20T07:02:34+00:00\"},{\"@type\":\"WebSite\",\"@id\":\"https:\\\/\\\/neigeinterieure.fr\\\/#website\",\"url\":\"https:\\\/\\\/neigeinterieure.fr\\\/\",\"name\":\"Neige int\\u00e9rieure\",\"description\":\"les carnets de Fran\\u00e7ois Balogh\",\"inLanguage\":\"fr-FR\",\"publisher\":{\"@id\":\"https:\\\/\\\/neigeinterieure.fr\\\/#person\"}}]}\n\t\t<\/script>\n\t\t<!-- All in One SEO -->\n\n","aioseo_head_json":{"title":"Samedi 20 mai 2000, Nantes - Neige int\u00e9rieure","description":"Hier soir, je me suis emmerd\u00e9 au caf\u00e9 ; c\u2019\u00e9tait avant que je ne lise les lignes ci-dessus, dans mon lit vers trois heures : mais j\u2019ai ressenti la situation \u00e0 peu pr\u00e8s de cette mani\u00e8re. Je suis rentr\u00e9 t\u00f4t, et j\u2019ai m\u00eame un peu travaill\u00e9. Mais la journ\u00e9e a \u00e9t\u00e9 de d\u00e9faite. Il n\u2019y","canonical_url":"https:\/\/neigeinterieure.fr\/?p=3139","robots":"max-image-preview:large","keywords":"","webmasterTools":{"miscellaneous":""},"schema":{"@context":"https:\/\/schema.org","@graph":[{"@type":"BlogPosting","@id":"https:\/\/neigeinterieure.fr\/?p=3139#blogposting","name":"Samedi 20 mai 2000, Nantes - Neige int\u00e9rieure","headline":"Samedi 20 mai 2000, Nantes","author":{"@id":"https:\/\/neigeinterieure.fr\/?author=1#author"},"publisher":{"@id":"https:\/\/neigeinterieure.fr\/#person"},"image":{"@type":"ImageObject","@id":"https:\/\/neigeinterieure.fr\/?p=3139#articleImage","url":"https:\/\/secure.gravatar.com\/avatar\/3d0a4e448294fd898432b07f68e88e428274675fd33279d8b6464c84b878a547?s=96&d=mm&r=g","width":96,"height":96,"caption":"Fran\u00e7ois Balogh"},"datePublished":"2025-05-20T07:02:34+00:00","dateModified":"2025-05-20T07:02:34+00:00","inLanguage":"fr-FR","mainEntityOfPage":{"@id":"https:\/\/neigeinterieure.fr\/?p=3139#webpage"},"isPartOf":{"@id":"https:\/\/neigeinterieure.fr\/?p=3139#webpage"},"articleSection":"notes XVIII. La Poudre aux yeux"},{"@type":"BreadcrumbList","@id":"https:\/\/neigeinterieure.fr\/?p=3139#breadcrumblist","itemListElement":[{"@type":"ListItem","@id":"https:\/\/neigeinterieure.fr#listItem","position":1,"name":"Home","item":"https:\/\/neigeinterieure.fr","nextItem":{"@type":"ListItem","@id":"https:\/\/neigeinterieure.fr\/?cat=13#listItem","name":"notes XVIII. La Poudre aux yeux"}},{"@type":"ListItem","@id":"https:\/\/neigeinterieure.fr\/?cat=13#listItem","position":2,"name":"notes XVIII. La Poudre aux yeux","item":"https:\/\/neigeinterieure.fr\/?cat=13","nextItem":{"@type":"ListItem","@id":"https:\/\/neigeinterieure.fr\/?p=3139#listItem","name":"Samedi 20 mai 2000, Nantes"},"previousItem":{"@type":"ListItem","@id":"https:\/\/neigeinterieure.fr#listItem","name":"Home"}},{"@type":"ListItem","@id":"https:\/\/neigeinterieure.fr\/?p=3139#listItem","position":3,"name":"Samedi 20 mai 2000, Nantes","previousItem":{"@type":"ListItem","@id":"https:\/\/neigeinterieure.fr\/?cat=13#listItem","name":"notes XVIII. La Poudre aux yeux"}}]},{"@type":"Person","@id":"https:\/\/neigeinterieure.fr\/#person","name":"Fran\u00e7ois Balogh","image":{"@type":"ImageObject","@id":"https:\/\/neigeinterieure.fr\/?p=3139#personImage","url":"https:\/\/secure.gravatar.com\/avatar\/3d0a4e448294fd898432b07f68e88e428274675fd33279d8b6464c84b878a547?s=96&d=mm&r=g","width":96,"height":96,"caption":"Fran\u00e7ois Balogh"}},{"@type":"Person","@id":"https:\/\/neigeinterieure.fr\/?author=1#author","url":"https:\/\/neigeinterieure.fr\/?author=1","name":"Fran\u00e7ois Balogh","image":{"@type":"ImageObject","@id":"https:\/\/neigeinterieure.fr\/?p=3139#authorImage","url":"https:\/\/secure.gravatar.com\/avatar\/3d0a4e448294fd898432b07f68e88e428274675fd33279d8b6464c84b878a547?s=96&d=mm&r=g","width":96,"height":96,"caption":"Fran\u00e7ois Balogh"}},{"@type":"WebPage","@id":"https:\/\/neigeinterieure.fr\/?p=3139#webpage","url":"https:\/\/neigeinterieure.fr\/?p=3139","name":"Samedi 20 mai 2000, Nantes - Neige int\u00e9rieure","description":"Hier soir, je me suis emmerd\u00e9 au caf\u00e9 ; c\u2019\u00e9tait avant que je ne lise les lignes ci-dessus, dans mon lit vers trois heures : mais j\u2019ai ressenti la situation \u00e0 peu pr\u00e8s de cette mani\u00e8re. Je suis rentr\u00e9 t\u00f4t, et j\u2019ai m\u00eame un peu travaill\u00e9. Mais la journ\u00e9e a \u00e9t\u00e9 de d\u00e9faite. Il n\u2019y","inLanguage":"fr-FR","isPartOf":{"@id":"https:\/\/neigeinterieure.fr\/#website"},"breadcrumb":{"@id":"https:\/\/neigeinterieure.fr\/?p=3139#breadcrumblist"},"author":{"@id":"https:\/\/neigeinterieure.fr\/?author=1#author"},"creator":{"@id":"https:\/\/neigeinterieure.fr\/?author=1#author"},"datePublished":"2025-05-20T07:02:34+00:00","dateModified":"2025-05-20T07:02:34+00:00"},{"@type":"WebSite","@id":"https:\/\/neigeinterieure.fr\/#website","url":"https:\/\/neigeinterieure.fr\/","name":"Neige int\u00e9rieure","description":"les carnets de Fran\u00e7ois Balogh","inLanguage":"fr-FR","publisher":{"@id":"https:\/\/neigeinterieure.fr\/#person"}}]},"og:locale":"fr_FR","og:site_name":"Neige int\u00e9rieure - les carnets de Fran\u00e7ois Balogh","og:type":"article","og:title":"Samedi 20 mai 2000, Nantes - Neige int\u00e9rieure","og:description":"Hier soir, je me suis emmerd\u00e9 au caf\u00e9 ; c\u2019\u00e9tait avant que je ne lise les lignes ci-dessus, dans mon lit vers trois heures : mais j\u2019ai ressenti la situation \u00e0 peu pr\u00e8s de cette mani\u00e8re. Je suis rentr\u00e9 t\u00f4t, et j\u2019ai m\u00eame un peu travaill\u00e9. Mais la journ\u00e9e a \u00e9t\u00e9 de d\u00e9faite. Il n\u2019y","og:url":"https:\/\/neigeinterieure.fr\/?p=3139","article:published_time":"2025-05-20T07:02:34+00:00","article:modified_time":"2025-05-20T07:02:34+00:00","twitter:card":"summary","twitter:title":"Samedi 20 mai 2000, Nantes - Neige int\u00e9rieure","twitter:description":"Hier soir, je me suis emmerd\u00e9 au caf\u00e9 ; c\u2019\u00e9tait avant que je ne lise les lignes ci-dessus, dans mon lit vers trois heures : mais j\u2019ai ressenti la situation \u00e0 peu pr\u00e8s de cette mani\u00e8re. Je suis rentr\u00e9 t\u00f4t, et j\u2019ai m\u00eame un peu travaill\u00e9. Mais la journ\u00e9e a \u00e9t\u00e9 de d\u00e9faite. Il n\u2019y"},"aioseo_meta_data":{"post_id":"3139","title":null,"description":null,"keywords":null,"keyphrases":{"focus":{"keyphrase":"","score":0,"analysis":{"keyphraseInTitle":{"score":0,"maxScore":9,"error":1}}},"additional":[]},"primary_term":null,"canonical_url":null,"og_title":null,"og_description":null,"og_object_type":"default","og_image_type":"default","og_image_url":null,"og_image_width":null,"og_image_height":null,"og_image_custom_url":null,"og_image_custom_fields":null,"og_video":"","og_custom_url":null,"og_article_section":null,"og_article_tags":null,"twitter_use_og":false,"twitter_card":"default","twitter_image_type":"default","twitter_image_url":null,"twitter_image_custom_url":null,"twitter_image_custom_fields":null,"twitter_title":null,"twitter_description":null,"schema":{"blockGraphs":[],"customGraphs":[],"default":{"data":{"Article":[],"Course":[],"Dataset":[],"FAQPage":[],"Movie":[],"Person":[],"Product":[],"ProductReview":[],"Car":[],"Recipe":[],"Service":[],"SoftwareApplication":[],"WebPage":[]},"graphName":"BlogPosting","isEnabled":true},"graphs":[]},"schema_type":"default","schema_type_options":null,"pillar_content":false,"robots_default":true,"robots_noindex":false,"robots_noarchive":false,"robots_nosnippet":false,"robots_nofollow":false,"robots_noimageindex":false,"robots_noodp":false,"robots_notranslate":false,"robots_max_snippet":"-1","robots_max_videopreview":"-1","robots_max_imagepreview":"large","priority":null,"frequency":"default","local_seo":null,"breadcrumb_settings":null,"limit_modified_date":false,"ai":null,"created":"2025-05-20 07:01:26","updated":"2025-06-05 17:47:41","seo_analyzer_scan_date":null,"focus_keyword":null,"additional_keywords":null,"truseo_locale":null},"aioseo_breadcrumb":"<div class=\"aioseo-breadcrumbs\"><span class=\"aioseo-breadcrumb\">\n\t\t\t<a href=\"https:\/\/neigeinterieure.fr\" title=\"Home\">Home<\/a>\n\t\t<\/span><span class=\"aioseo-breadcrumb-separator\">&raquo;<\/span><span class=\"aioseo-breadcrumb\">\n\t\t\t<a href=\"https:\/\/neigeinterieure.fr\/?cat=13\" title=\"notes XVIII. La Poudre aux yeux\">notes XVIII. La Poudre aux yeux<\/a>\n\t\t<\/span><span class=\"aioseo-breadcrumb-separator\">&raquo;<\/span><span class=\"aioseo-breadcrumb\">\n\t\t\tSamedi 20 mai 2000, Nantes\n\t\t<\/span><\/div>","aioseo_breadcrumb_json":[{"label":"Home","link":"https:\/\/neigeinterieure.fr"},{"label":"notes XVIII. La Poudre aux yeux","link":"https:\/\/neigeinterieure.fr\/?cat=13"},{"label":"Samedi 20 mai 2000, Nantes","link":"https:\/\/neigeinterieure.fr\/?p=3139"}],"_links":{"self":[{"href":"https:\/\/neigeinterieure.fr\/index.php?rest_route=\/wp\/v2\/posts\/3139","targetHints":{"allow":["GET"]}}],"collection":[{"href":"https:\/\/neigeinterieure.fr\/index.php?rest_route=\/wp\/v2\/posts"}],"about":[{"href":"https:\/\/neigeinterieure.fr\/index.php?rest_route=\/wp\/v2\/types\/post"}],"author":[{"embeddable":true,"href":"https:\/\/neigeinterieure.fr\/index.php?rest_route=\/wp\/v2\/users\/1"}],"replies":[{"embeddable":true,"href":"https:\/\/neigeinterieure.fr\/index.php?rest_route=%2Fwp%2Fv2%2Fcomments&post=3139"}],"version-history":[{"count":2,"href":"https:\/\/neigeinterieure.fr\/index.php?rest_route=\/wp\/v2\/posts\/3139\/revisions"}],"predecessor-version":[{"id":3141,"href":"https:\/\/neigeinterieure.fr\/index.php?rest_route=\/wp\/v2\/posts\/3139\/revisions\/3141"}],"wp:attachment":[{"href":"https:\/\/neigeinterieure.fr\/index.php?rest_route=%2Fwp%2Fv2%2Fmedia&parent=3139"}],"wp:term":[{"taxonomy":"category","embeddable":true,"href":"https:\/\/neigeinterieure.fr\/index.php?rest_route=%2Fwp%2Fv2%2Fcategories&post=3139"},{"taxonomy":"post_tag","embeddable":true,"href":"https:\/\/neigeinterieure.fr\/index.php?rest_route=%2Fwp%2Fv2%2Ftags&post=3139"}],"curies":[{"name":"wp","href":"https:\/\/api.w.org\/{rel}","templated":true}]}}