{"id":3172,"date":"2025-06-16T08:43:37","date_gmt":"2025-06-16T08:43:37","guid":{"rendered":"https:\/\/neigeinterieure.fr\/?p=3172"},"modified":"2025-06-16T08:43:38","modified_gmt":"2025-06-16T08:43:38","slug":"16-vi-00","status":"publish","type":"post","link":"https:\/\/neigeinterieure.fr\/?p=3172","title":{"rendered":"16.VI.00"},"content":{"rendered":"\n<blockquote class=\"wp-block-quote is-layout-flow wp-block-quote-is-layout-flow\">\n<p class=\"wp-block-paragraph\"><\/p>\n<\/blockquote>\n\n\n<p>Jet\u00e9es les entrailles<\/p>\n<p>\u00e0 bout de champs clos<!--more--><\/p>\n<p>aupr\u00e8s d\u2019une main de chair<\/p>\n<p>qui brouille encore les buissons lac\u00e9s<\/p>\n<p>d\u2019invoir \u00e0 mes yeux<\/p>\n<p>J\u2019ai ramass\u00e9 un de tes cheveux noirs,<\/p>\n<p>je l\u2019ai plac\u00e9 dans une enveloppe,<\/p>\n<p>mise sur la commode pour ne pas la perdre<\/p>\n<p>La vue me tombe<\/p>\n<p>tir\u00e9e par l\u2019\u00e2cre brouillard<\/p>\n<p>d\u2019un matin de sans-grade<\/p>\n<p>vid\u00e9 de s\u00e8ve<\/p>\n<p>qui n\u2019\u00e9tait d\u2019ailleurs m\u00eame plus vivifiante<\/p>\n<p>Retrouver une armure<\/p>\n<p>trop rouill\u00e9e des larmes vers\u00e9es<\/p>\n<p>pour esp\u00e9rer pouvoir<\/p>\n<p>\u00a0\u00a0\u00a0\u00a0\u00a0\u00a0\u00a0\u00a0\u00a0\u00a0\u00a0\u00a0\u00a0\u00a0\u00a0\u00a0\u00a0\u00a0\u00a0\u00a0\u00a0\u00a0\u00a0\u00a0\u00a0\u00a0\u00a0\u00a0\u00a0\u00a0\u00a0\u00a0\u00a0\u00a0\u00a0\u00a0\u00a0\u00a0\u00a0 y entrer<\/p>\n<p>que contiendrait-elle<\/p>\n<p>\u00a0\u00a0\u00a0\u00a0\u00a0\u00a0\u00a0\u00a0\u00a0\u00a0\u00a0\u00a0\u00a0\u00a0\u00a0\u00a0\u00a0\u00a0\u00a0\u00a0\u00a0\u00a0\u00a0\u00a0\u00a0\u00a0\u00a0\u00a0\u00a0\u00a0\u00a0\u00a0\u00a0\u00a0\u00a0\u00a0\u00a0\u00a0\u00a0 d\u2019autre<\/p>\n<p>qu\u2019amas de mati\u00e8res \u00e9visc\u00e9r\u00e9es<\/p>\n<p>pleines, d\u00e9j\u00e0, d\u2019une sourde gangr\u00e8ne<\/p>\n<p>dont elle serait dont elle n\u2019est<\/p>\n<p>que<\/p>\n<p>\u00a0\u00a0\u00a0\u00a0 le tombeau<\/p>\n<p>\u00a0\u00a0\u00a0\u00a0 \u00a0\u00a0\u00a0\u00a0\u00a0\u00a0\u00a0\u00a0\u00a0\u00a0\u00a0\u00a0\u00a0\u00a0\u00a0\u00a0\u00a0\u00a0\u00a0\u00a0\u00a0\u00a0\u00a0\u00a0\u00a0\u00a0\u00a0\u00a0\u00a0\u00a0\u00a0\u00a0\u00a0\u00a0 toujours recommenc\u00e9\u00a0?<\/p>","protected":false},"excerpt":{"rendered":"<p>Jet\u00e9es les entrailles \u00e0 bout de champs clos<\/p>\n","protected":false},"author":1,"featured_media":0,"comment_status":"closed","ping_status":"open","sticky":false,"template":"","format":"standard","meta":{"om_disable_all_campaigns":false,"_monsterinsights_skip_tracking":false,"footnotes":""},"categories":[13],"tags":[],"class_list":["post-3172","post","type-post","status-publish","format-standard","hentry","category-notes-xviii-la-poudre-aux-yeux"],"aioseo_notices":[],"aioseo_head":"\n\t\t<!-- All in One SEO 5.0.1.1 - aioseo.com -->\n\t<meta name=\"description\" content=\"Jet\u00e9es les entrailles \u00e0 bout de champs clos aupr\u00e8s d\u2019une main de chair qui brouille encore les buissons lac\u00e9s d\u2019invoir \u00e0 mes yeux J\u2019ai ramass\u00e9 un de tes cheveux noirs, je l\u2019ai plac\u00e9 dans une enveloppe, mise sur la commode pour ne pas la perdre La vue me tombe tir\u00e9e par l\u2019\u00e2cre brouillard d\u2019un matin\" \/>\n\t<meta name=\"robots\" content=\"max-image-preview:large\" \/>\n\t<meta name=\"author\" content=\"Fran\u00e7ois Balogh\"\/>\n\t<link rel=\"canonical\" href=\"https:\/\/neigeinterieure.fr\/?p=3172\" \/>\n\t<meta name=\"generator\" content=\"All in One SEO (AIOSEO) 5.0.1.1\" \/>\n\t\t<meta property=\"og:locale\" content=\"fr_FR\" \/>\n\t\t<meta property=\"og:site_name\" content=\"Neige int\u00e9rieure - les carnets de Fran\u00e7ois Balogh\" \/>\n\t\t<meta property=\"og:type\" content=\"article\" \/>\n\t\t<meta property=\"og:title\" content=\"16.VI.00 - Neige int\u00e9rieure\" \/>\n\t\t<meta property=\"og:description\" content=\"Jet\u00e9es les entrailles \u00e0 bout de champs clos aupr\u00e8s d\u2019une main de chair qui brouille encore les buissons lac\u00e9s d\u2019invoir \u00e0 mes yeux J\u2019ai ramass\u00e9 un de tes cheveux noirs, je l\u2019ai plac\u00e9 dans une enveloppe, mise sur la commode pour ne pas la perdre La vue me tombe tir\u00e9e par l\u2019\u00e2cre brouillard d\u2019un matin\" \/>\n\t\t<meta property=\"og:url\" content=\"https:\/\/neigeinterieure.fr\/?p=3172\" \/>\n\t\t<meta property=\"article:published_time\" content=\"2025-06-16T08:43:37+00:00\" \/>\n\t\t<meta property=\"article:modified_time\" content=\"2025-06-16T08:43:38+00:00\" \/>\n\t\t<meta name=\"twitter:card\" content=\"summary\" \/>\n\t\t<meta name=\"twitter:title\" content=\"16.VI.00 - Neige int\u00e9rieure\" \/>\n\t\t<meta name=\"twitter:description\" content=\"Jet\u00e9es les entrailles \u00e0 bout de champs clos aupr\u00e8s d\u2019une main de chair qui brouille encore les buissons lac\u00e9s d\u2019invoir \u00e0 mes yeux J\u2019ai ramass\u00e9 un de tes cheveux noirs, je l\u2019ai plac\u00e9 dans une enveloppe, mise sur la commode pour ne pas la perdre La vue me tombe tir\u00e9e par l\u2019\u00e2cre brouillard d\u2019un matin\" \/>\n\t\t<script type=\"application\/ld+json\" class=\"aioseo-schema\">\n\t\t\t{\"@context\":\"https:\\\/\\\/schema.org\",\"@graph\":[{\"@type\":\"BlogPosting\",\"@id\":\"https:\\\/\\\/neigeinterieure.fr\\\/?p=3172#blogposting\",\"name\":\"16.VI.00 - Neige int\\u00e9rieure\",\"headline\":\"16.VI.00\",\"author\":{\"@id\":\"https:\\\/\\\/neigeinterieure.fr\\\/?author=1#author\"},\"publisher\":{\"@id\":\"https:\\\/\\\/neigeinterieure.fr\\\/#person\"},\"image\":{\"@type\":\"ImageObject\",\"@id\":\"https:\\\/\\\/neigeinterieure.fr\\\/?p=3172#articleImage\",\"url\":\"https:\\\/\\\/secure.gravatar.com\\\/avatar\\\/3d0a4e448294fd898432b07f68e88e428274675fd33279d8b6464c84b878a547?s=96&d=mm&r=g\",\"width\":96,\"height\":96,\"caption\":\"Fran\\u00e7ois Balogh\"},\"datePublished\":\"2025-06-16T08:43:37+00:00\",\"dateModified\":\"2025-06-16T08:43:38+00:00\",\"inLanguage\":\"fr-FR\",\"mainEntityOfPage\":{\"@id\":\"https:\\\/\\\/neigeinterieure.fr\\\/?p=3172#webpage\"},\"isPartOf\":{\"@id\":\"https:\\\/\\\/neigeinterieure.fr\\\/?p=3172#webpage\"},\"articleSection\":\"notes XVIII. La Poudre aux yeux\"},{\"@type\":\"BreadcrumbList\",\"@id\":\"https:\\\/\\\/neigeinterieure.fr\\\/?p=3172#breadcrumblist\",\"itemListElement\":[{\"@type\":\"ListItem\",\"@id\":\"https:\\\/\\\/neigeinterieure.fr#listItem\",\"position\":1,\"name\":\"Home\",\"item\":\"https:\\\/\\\/neigeinterieure.fr\",\"nextItem\":{\"@type\":\"ListItem\",\"@id\":\"https:\\\/\\\/neigeinterieure.fr\\\/?cat=13#listItem\",\"name\":\"notes XVIII. La Poudre aux yeux\"}},{\"@type\":\"ListItem\",\"@id\":\"https:\\\/\\\/neigeinterieure.fr\\\/?cat=13#listItem\",\"position\":2,\"name\":\"notes XVIII. La Poudre aux yeux\",\"item\":\"https:\\\/\\\/neigeinterieure.fr\\\/?cat=13\",\"nextItem\":{\"@type\":\"ListItem\",\"@id\":\"https:\\\/\\\/neigeinterieure.fr\\\/?p=3172#listItem\",\"name\":\"16.VI.00\"},\"previousItem\":{\"@type\":\"ListItem\",\"@id\":\"https:\\\/\\\/neigeinterieure.fr#listItem\",\"name\":\"Home\"}},{\"@type\":\"ListItem\",\"@id\":\"https:\\\/\\\/neigeinterieure.fr\\\/?p=3172#listItem\",\"position\":3,\"name\":\"16.VI.00\",\"previousItem\":{\"@type\":\"ListItem\",\"@id\":\"https:\\\/\\\/neigeinterieure.fr\\\/?cat=13#listItem\",\"name\":\"notes XVIII. La Poudre aux yeux\"}}]},{\"@type\":\"Person\",\"@id\":\"https:\\\/\\\/neigeinterieure.fr\\\/#person\",\"name\":\"Fran\\u00e7ois Balogh\",\"image\":{\"@type\":\"ImageObject\",\"@id\":\"https:\\\/\\\/neigeinterieure.fr\\\/?p=3172#personImage\",\"url\":\"https:\\\/\\\/secure.gravatar.com\\\/avatar\\\/3d0a4e448294fd898432b07f68e88e428274675fd33279d8b6464c84b878a547?s=96&d=mm&r=g\",\"width\":96,\"height\":96,\"caption\":\"Fran\\u00e7ois Balogh\"}},{\"@type\":\"Person\",\"@id\":\"https:\\\/\\\/neigeinterieure.fr\\\/?author=1#author\",\"url\":\"https:\\\/\\\/neigeinterieure.fr\\\/?author=1\",\"name\":\"Fran\\u00e7ois Balogh\",\"image\":{\"@type\":\"ImageObject\",\"@id\":\"https:\\\/\\\/neigeinterieure.fr\\\/?p=3172#authorImage\",\"url\":\"https:\\\/\\\/secure.gravatar.com\\\/avatar\\\/3d0a4e448294fd898432b07f68e88e428274675fd33279d8b6464c84b878a547?s=96&d=mm&r=g\",\"width\":96,\"height\":96,\"caption\":\"Fran\\u00e7ois Balogh\"}},{\"@type\":\"WebPage\",\"@id\":\"https:\\\/\\\/neigeinterieure.fr\\\/?p=3172#webpage\",\"url\":\"https:\\\/\\\/neigeinterieure.fr\\\/?p=3172\",\"name\":\"16.VI.00 - Neige int\\u00e9rieure\",\"description\":\"Jet\\u00e9es les entrailles \\u00e0 bout de champs clos aupr\\u00e8s d\\u2019une main de chair qui brouille encore les buissons lac\\u00e9s d\\u2019invoir \\u00e0 mes yeux J\\u2019ai ramass\\u00e9 un de tes cheveux noirs, je l\\u2019ai plac\\u00e9 dans une enveloppe, mise sur la commode pour ne pas la perdre La vue me tombe tir\\u00e9e par l\\u2019\\u00e2cre brouillard d\\u2019un matin\",\"inLanguage\":\"fr-FR\",\"isPartOf\":{\"@id\":\"https:\\\/\\\/neigeinterieure.fr\\\/#website\"},\"breadcrumb\":{\"@id\":\"https:\\\/\\\/neigeinterieure.fr\\\/?p=3172#breadcrumblist\"},\"author\":{\"@id\":\"https:\\\/\\\/neigeinterieure.fr\\\/?author=1#author\"},\"creator\":{\"@id\":\"https:\\\/\\\/neigeinterieure.fr\\\/?author=1#author\"},\"datePublished\":\"2025-06-16T08:43:37+00:00\",\"dateModified\":\"2025-06-16T08:43:38+00:00\"},{\"@type\":\"WebSite\",\"@id\":\"https:\\\/\\\/neigeinterieure.fr\\\/#website\",\"url\":\"https:\\\/\\\/neigeinterieure.fr\\\/\",\"name\":\"Neige int\\u00e9rieure\",\"description\":\"les carnets de Fran\\u00e7ois Balogh\",\"inLanguage\":\"fr-FR\",\"publisher\":{\"@id\":\"https:\\\/\\\/neigeinterieure.fr\\\/#person\"}}]}\n\t\t<\/script>\n\t\t<!-- All in One SEO -->\n\n","aioseo_head_json":{"title":"16.VI.00 - Neige int\u00e9rieure","description":"Jet\u00e9es les entrailles \u00e0 bout de champs clos aupr\u00e8s d\u2019une main de chair qui brouille encore les buissons lac\u00e9s d\u2019invoir \u00e0 mes yeux J\u2019ai ramass\u00e9 un de tes cheveux noirs, je l\u2019ai plac\u00e9 dans une enveloppe, mise sur la commode pour ne pas la perdre La vue me tombe tir\u00e9e par l\u2019\u00e2cre brouillard d\u2019un matin","canonical_url":"https:\/\/neigeinterieure.fr\/?p=3172","robots":"max-image-preview:large","keywords":"","webmasterTools":{"miscellaneous":""},"schema":{"@context":"https:\/\/schema.org","@graph":[{"@type":"BlogPosting","@id":"https:\/\/neigeinterieure.fr\/?p=3172#blogposting","name":"16.VI.00 - Neige int\u00e9rieure","headline":"16.VI.00","author":{"@id":"https:\/\/neigeinterieure.fr\/?author=1#author"},"publisher":{"@id":"https:\/\/neigeinterieure.fr\/#person"},"image":{"@type":"ImageObject","@id":"https:\/\/neigeinterieure.fr\/?p=3172#articleImage","url":"https:\/\/secure.gravatar.com\/avatar\/3d0a4e448294fd898432b07f68e88e428274675fd33279d8b6464c84b878a547?s=96&d=mm&r=g","width":96,"height":96,"caption":"Fran\u00e7ois Balogh"},"datePublished":"2025-06-16T08:43:37+00:00","dateModified":"2025-06-16T08:43:38+00:00","inLanguage":"fr-FR","mainEntityOfPage":{"@id":"https:\/\/neigeinterieure.fr\/?p=3172#webpage"},"isPartOf":{"@id":"https:\/\/neigeinterieure.fr\/?p=3172#webpage"},"articleSection":"notes XVIII. La Poudre aux yeux"},{"@type":"BreadcrumbList","@id":"https:\/\/neigeinterieure.fr\/?p=3172#breadcrumblist","itemListElement":[{"@type":"ListItem","@id":"https:\/\/neigeinterieure.fr#listItem","position":1,"name":"Home","item":"https:\/\/neigeinterieure.fr","nextItem":{"@type":"ListItem","@id":"https:\/\/neigeinterieure.fr\/?cat=13#listItem","name":"notes XVIII. La Poudre aux yeux"}},{"@type":"ListItem","@id":"https:\/\/neigeinterieure.fr\/?cat=13#listItem","position":2,"name":"notes XVIII. La Poudre aux yeux","item":"https:\/\/neigeinterieure.fr\/?cat=13","nextItem":{"@type":"ListItem","@id":"https:\/\/neigeinterieure.fr\/?p=3172#listItem","name":"16.VI.00"},"previousItem":{"@type":"ListItem","@id":"https:\/\/neigeinterieure.fr#listItem","name":"Home"}},{"@type":"ListItem","@id":"https:\/\/neigeinterieure.fr\/?p=3172#listItem","position":3,"name":"16.VI.00","previousItem":{"@type":"ListItem","@id":"https:\/\/neigeinterieure.fr\/?cat=13#listItem","name":"notes XVIII. La Poudre aux yeux"}}]},{"@type":"Person","@id":"https:\/\/neigeinterieure.fr\/#person","name":"Fran\u00e7ois Balogh","image":{"@type":"ImageObject","@id":"https:\/\/neigeinterieure.fr\/?p=3172#personImage","url":"https:\/\/secure.gravatar.com\/avatar\/3d0a4e448294fd898432b07f68e88e428274675fd33279d8b6464c84b878a547?s=96&d=mm&r=g","width":96,"height":96,"caption":"Fran\u00e7ois Balogh"}},{"@type":"Person","@id":"https:\/\/neigeinterieure.fr\/?author=1#author","url":"https:\/\/neigeinterieure.fr\/?author=1","name":"Fran\u00e7ois Balogh","image":{"@type":"ImageObject","@id":"https:\/\/neigeinterieure.fr\/?p=3172#authorImage","url":"https:\/\/secure.gravatar.com\/avatar\/3d0a4e448294fd898432b07f68e88e428274675fd33279d8b6464c84b878a547?s=96&d=mm&r=g","width":96,"height":96,"caption":"Fran\u00e7ois Balogh"}},{"@type":"WebPage","@id":"https:\/\/neigeinterieure.fr\/?p=3172#webpage","url":"https:\/\/neigeinterieure.fr\/?p=3172","name":"16.VI.00 - Neige int\u00e9rieure","description":"Jet\u00e9es les entrailles \u00e0 bout de champs clos aupr\u00e8s d\u2019une main de chair qui brouille encore les buissons lac\u00e9s d\u2019invoir \u00e0 mes yeux J\u2019ai ramass\u00e9 un de tes cheveux noirs, je l\u2019ai plac\u00e9 dans une enveloppe, mise sur la commode pour ne pas la perdre La vue me tombe tir\u00e9e par l\u2019\u00e2cre brouillard d\u2019un matin","inLanguage":"fr-FR","isPartOf":{"@id":"https:\/\/neigeinterieure.fr\/#website"},"breadcrumb":{"@id":"https:\/\/neigeinterieure.fr\/?p=3172#breadcrumblist"},"author":{"@id":"https:\/\/neigeinterieure.fr\/?author=1#author"},"creator":{"@id":"https:\/\/neigeinterieure.fr\/?author=1#author"},"datePublished":"2025-06-16T08:43:37+00:00","dateModified":"2025-06-16T08:43:38+00:00"},{"@type":"WebSite","@id":"https:\/\/neigeinterieure.fr\/#website","url":"https:\/\/neigeinterieure.fr\/","name":"Neige int\u00e9rieure","description":"les carnets de Fran\u00e7ois Balogh","inLanguage":"fr-FR","publisher":{"@id":"https:\/\/neigeinterieure.fr\/#person"}}]},"og:locale":"fr_FR","og:site_name":"Neige int\u00e9rieure - les carnets de Fran\u00e7ois Balogh","og:type":"article","og:title":"16.VI.00 - Neige int\u00e9rieure","og:description":"Jet\u00e9es les entrailles \u00e0 bout de champs clos aupr\u00e8s d\u2019une main de chair qui brouille encore les buissons lac\u00e9s d\u2019invoir \u00e0 mes yeux J\u2019ai ramass\u00e9 un de tes cheveux noirs, je l\u2019ai plac\u00e9 dans une enveloppe, mise sur la commode pour ne pas la perdre La vue me tombe tir\u00e9e par l\u2019\u00e2cre brouillard d\u2019un matin","og:url":"https:\/\/neigeinterieure.fr\/?p=3172","article:published_time":"2025-06-16T08:43:37+00:00","article:modified_time":"2025-06-16T08:43:38+00:00","twitter:card":"summary","twitter:title":"16.VI.00 - Neige int\u00e9rieure","twitter:description":"Jet\u00e9es les entrailles \u00e0 bout de champs clos aupr\u00e8s d\u2019une main de chair qui brouille encore les buissons lac\u00e9s d\u2019invoir \u00e0 mes yeux J\u2019ai ramass\u00e9 un de tes cheveux noirs, je l\u2019ai plac\u00e9 dans une enveloppe, mise sur la commode pour ne pas la perdre La vue me tombe tir\u00e9e par l\u2019\u00e2cre brouillard d\u2019un matin"},"aioseo_meta_data":{"post_id":"3172","title":null,"description":null,"keywords":null,"keyphrases":{"focus":{"keyphrase":"","score":0,"analysis":{"keyphraseInTitle":{"score":0,"maxScore":9,"error":1}}},"additional":[]},"primary_term":null,"canonical_url":null,"og_title":null,"og_description":null,"og_object_type":"default","og_image_type":"default","og_image_url":null,"og_image_width":null,"og_image_height":null,"og_image_custom_url":null,"og_image_custom_fields":null,"og_video":"","og_custom_url":null,"og_article_section":null,"og_article_tags":null,"twitter_use_og":false,"twitter_card":"default","twitter_image_type":"default","twitter_image_url":null,"twitter_image_custom_url":null,"twitter_image_custom_fields":null,"twitter_title":null,"twitter_description":null,"schema":{"blockGraphs":[],"customGraphs":[],"default":{"data":{"Article":[],"Course":[],"Dataset":[],"FAQPage":[],"Movie":[],"Person":[],"Product":[],"ProductReview":[],"Car":[],"Recipe":[],"Service":[],"SoftwareApplication":[],"WebPage":[]},"graphName":"BlogPosting","isEnabled":true},"graphs":[]},"schema_type":"default","schema_type_options":null,"pillar_content":false,"robots_default":true,"robots_noindex":false,"robots_noarchive":false,"robots_nosnippet":false,"robots_nofollow":false,"robots_noimageindex":false,"robots_noodp":false,"robots_notranslate":false,"robots_max_snippet":"-1","robots_max_videopreview":"-1","robots_max_imagepreview":"large","priority":null,"frequency":"default","local_seo":null,"breadcrumb_settings":null,"limit_modified_date":false,"ai":null,"created":"2025-06-16 08:43:38","updated":"2025-06-16 10:20:57","seo_analyzer_scan_date":null,"focus_keyword":null,"additional_keywords":null,"truseo_locale":null},"aioseo_breadcrumb":"<div class=\"aioseo-breadcrumbs\"><span class=\"aioseo-breadcrumb\">\n\t\t\t<a href=\"https:\/\/neigeinterieure.fr\" title=\"Home\">Home<\/a>\n\t\t<\/span><span class=\"aioseo-breadcrumb-separator\">&raquo;<\/span><span class=\"aioseo-breadcrumb\">\n\t\t\t<a href=\"https:\/\/neigeinterieure.fr\/?cat=13\" title=\"notes XVIII. La Poudre aux yeux\">notes XVIII. La Poudre aux yeux<\/a>\n\t\t<\/span><span class=\"aioseo-breadcrumb-separator\">&raquo;<\/span><span class=\"aioseo-breadcrumb\">\n\t\t\t16.VI.00\n\t\t<\/span><\/div>","aioseo_breadcrumb_json":[{"label":"Home","link":"https:\/\/neigeinterieure.fr"},{"label":"notes XVIII. La Poudre aux yeux","link":"https:\/\/neigeinterieure.fr\/?cat=13"},{"label":"16.VI.00","link":"https:\/\/neigeinterieure.fr\/?p=3172"}],"_links":{"self":[{"href":"https:\/\/neigeinterieure.fr\/index.php?rest_route=\/wp\/v2\/posts\/3172","targetHints":{"allow":["GET"]}}],"collection":[{"href":"https:\/\/neigeinterieure.fr\/index.php?rest_route=\/wp\/v2\/posts"}],"about":[{"href":"https:\/\/neigeinterieure.fr\/index.php?rest_route=\/wp\/v2\/types\/post"}],"author":[{"embeddable":true,"href":"https:\/\/neigeinterieure.fr\/index.php?rest_route=\/wp\/v2\/users\/1"}],"replies":[{"embeddable":true,"href":"https:\/\/neigeinterieure.fr\/index.php?rest_route=%2Fwp%2Fv2%2Fcomments&post=3172"}],"version-history":[{"count":1,"href":"https:\/\/neigeinterieure.fr\/index.php?rest_route=\/wp\/v2\/posts\/3172\/revisions"}],"predecessor-version":[{"id":3173,"href":"https:\/\/neigeinterieure.fr\/index.php?rest_route=\/wp\/v2\/posts\/3172\/revisions\/3173"}],"wp:attachment":[{"href":"https:\/\/neigeinterieure.fr\/index.php?rest_route=%2Fwp%2Fv2%2Fmedia&parent=3172"}],"wp:term":[{"taxonomy":"category","embeddable":true,"href":"https:\/\/neigeinterieure.fr\/index.php?rest_route=%2Fwp%2Fv2%2Fcategories&post=3172"},{"taxonomy":"post_tag","embeddable":true,"href":"https:\/\/neigeinterieure.fr\/index.php?rest_route=%2Fwp%2Fv2%2Ftags&post=3172"}],"curies":[{"name":"wp","href":"https:\/\/api.w.org\/{rel}","templated":true}]}}