{"id":3251,"date":"2025-07-29T16:53:46","date_gmt":"2025-07-29T16:53:46","guid":{"rendered":"https:\/\/neigeinterieure.fr\/?p=3251"},"modified":"2025-07-29T16:54:13","modified_gmt":"2025-07-29T16:54:13","slug":"samedi-28-juillet-2000-nantes","status":"publish","type":"post","link":"https:\/\/neigeinterieure.fr\/?p=3251","title":{"rendered":"Samedi 28 juillet 2000, Nantes"},"content":{"rendered":"<p>Pour m\u2019aider \u00e0 ne pas trop d\u00e9sesp\u00e9rer lorsque mon travail n\u2019avance pas (dans ces cas-l\u00e0, me vient sans cesse \u00e0 l\u2019esprit l\u2019id\u00e9e de me planter un bambou pointu dans le ventre \u2014 je ne sais<!--more--> pas pourquoi cette id\u00e9e-l\u00e0 pr\u00e9cis\u00e9ment), le docteur Moreau m\u2019a propos\u00e9 un anti-d\u00e9presseur. J\u2019ai h\u00e9sit\u00e9, puis ai fini par accepter un essai. J\u2019ai achet\u00e9 la bo\u00eete ce matin, et la notice ne donne vraiment pas envie\u00a0:<\/p>\n\n<div class=\"wp-block-image\">\n<figure class=\"aligncenter size-large is-resized\"><img fetchpriority=\"high\" decoding=\"async\" width=\"643\" height=\"1024\" src=\"https:\/\/neigeinterieure.fr\/wp-content\/uploads\/2025\/07\/Capture-decran-2025-07-29-a-18.52.24-643x1024.png\" alt=\"\" class=\"wp-image-3252\" style=\"width:341px;height:auto\" srcset=\"https:\/\/neigeinterieure.fr\/wp-content\/uploads\/2025\/07\/Capture-decran-2025-07-29-a-18.52.24-643x1024.png 643w, https:\/\/neigeinterieure.fr\/wp-content\/uploads\/2025\/07\/Capture-decran-2025-07-29-a-18.52.24-189x300.png 189w, https:\/\/neigeinterieure.fr\/wp-content\/uploads\/2025\/07\/Capture-decran-2025-07-29-a-18.52.24.png 656w\" sizes=\"(max-width: 643px) 100vw, 643px\" \/><\/figure>\n<\/div>\n\n<p>Bref, tout et n\u2019importe quoi, dont un bon nombre d\u2019effets inverses de ceux qui nous font prendre le m\u00e9dicament. J\u2019ai d\u00e9j\u00e0 pris une pilule, et je commence \u00e0 avoir des naus\u00e9es. \u00c7a m\u2019\u00e9tonnerait que je r\u00e9ussisse \u00e0 travailler aujourd\u2019hui\u00a0: un bon d\u00e9but\u2026<\/p>","protected":false},"excerpt":{"rendered":"<p>Pour m\u2019aider \u00e0 ne pas trop d\u00e9sesp\u00e9rer lorsque mon travail n\u2019avance pas (dans ces cas-l\u00e0, me vient sans cesse \u00e0 l\u2019esprit l\u2019id\u00e9e de me planter un bambou pointu dans le ventre \u2014 je ne sais<\/p>\n","protected":false},"author":1,"featured_media":0,"comment_status":"closed","ping_status":"open","sticky":false,"template":"","format":"standard","meta":{"om_disable_all_campaigns":false,"_monsterinsights_skip_tracking":false,"footnotes":""},"categories":[13],"tags":[],"class_list":["post-3251","post","type-post","status-publish","format-standard","hentry","category-notes-xviii-la-poudre-aux-yeux"],"aioseo_notices":[],"aioseo_head":"\n\t\t<!-- All in One SEO 5.0.1.1 - aioseo.com -->\n\t<meta name=\"description\" content=\"Pour m\u2019aider \u00e0 ne pas trop d\u00e9sesp\u00e9rer lorsque mon travail n\u2019avance pas (dans ces cas-l\u00e0, me vient sans cesse \u00e0 l\u2019esprit l\u2019id\u00e9e de me planter un bambou pointu dans le ventre \u2014 je ne sais pas pourquoi cette id\u00e9e-l\u00e0 pr\u00e9cis\u00e9ment), le docteur Moreau m\u2019a propos\u00e9 un anti-d\u00e9presseur. J\u2019ai h\u00e9sit\u00e9, puis ai fini par accepter un\" \/>\n\t<meta name=\"robots\" content=\"max-image-preview:large\" \/>\n\t<meta name=\"author\" content=\"Fran\u00e7ois Balogh\"\/>\n\t<link rel=\"canonical\" href=\"https:\/\/neigeinterieure.fr\/?p=3251\" \/>\n\t<meta name=\"generator\" content=\"All in One SEO (AIOSEO) 5.0.1.1\" \/>\n\t\t<meta property=\"og:locale\" content=\"fr_FR\" \/>\n\t\t<meta property=\"og:site_name\" content=\"Neige int\u00e9rieure - les carnets de Fran\u00e7ois Balogh\" \/>\n\t\t<meta property=\"og:type\" content=\"article\" \/>\n\t\t<meta property=\"og:title\" content=\"Samedi 28 juillet 2000, Nantes - Neige int\u00e9rieure\" \/>\n\t\t<meta property=\"og:description\" content=\"Pour m\u2019aider \u00e0 ne pas trop d\u00e9sesp\u00e9rer lorsque mon travail n\u2019avance pas (dans ces cas-l\u00e0, me vient sans cesse \u00e0 l\u2019esprit l\u2019id\u00e9e de me planter un bambou pointu dans le ventre \u2014 je ne sais pas pourquoi cette id\u00e9e-l\u00e0 pr\u00e9cis\u00e9ment), le docteur Moreau m\u2019a propos\u00e9 un anti-d\u00e9presseur. J\u2019ai h\u00e9sit\u00e9, puis ai fini par accepter un\" \/>\n\t\t<meta property=\"og:url\" content=\"https:\/\/neigeinterieure.fr\/?p=3251\" \/>\n\t\t<meta property=\"article:published_time\" content=\"2025-07-29T16:53:46+00:00\" \/>\n\t\t<meta property=\"article:modified_time\" content=\"2025-07-29T16:54:13+00:00\" \/>\n\t\t<meta name=\"twitter:card\" content=\"summary\" \/>\n\t\t<meta name=\"twitter:title\" content=\"Samedi 28 juillet 2000, Nantes - Neige int\u00e9rieure\" \/>\n\t\t<meta name=\"twitter:description\" content=\"Pour m\u2019aider \u00e0 ne pas trop d\u00e9sesp\u00e9rer lorsque mon travail n\u2019avance pas (dans ces cas-l\u00e0, me vient sans cesse \u00e0 l\u2019esprit l\u2019id\u00e9e de me planter un bambou pointu dans le ventre \u2014 je ne sais pas pourquoi cette id\u00e9e-l\u00e0 pr\u00e9cis\u00e9ment), le docteur Moreau m\u2019a propos\u00e9 un anti-d\u00e9presseur. J\u2019ai h\u00e9sit\u00e9, puis ai fini par accepter un\" \/>\n\t\t<script type=\"application\/ld+json\" class=\"aioseo-schema\">\n\t\t\t{\"@context\":\"https:\\\/\\\/schema.org\",\"@graph\":[{\"@type\":\"BlogPosting\",\"@id\":\"https:\\\/\\\/neigeinterieure.fr\\\/?p=3251#blogposting\",\"name\":\"Samedi 28 juillet 2000, Nantes - Neige int\\u00e9rieure\",\"headline\":\"Samedi 28 juillet 2000, Nantes\",\"author\":{\"@id\":\"https:\\\/\\\/neigeinterieure.fr\\\/?author=1#author\"},\"publisher\":{\"@id\":\"https:\\\/\\\/neigeinterieure.fr\\\/#person\"},\"image\":{\"@type\":\"ImageObject\",\"url\":\"https:\\\/\\\/neigeinterieure.fr\\\/wp-content\\\/uploads\\\/2025\\\/07\\\/Capture-decran-2025-07-29-a-18.52.24-643x1024.png\",\"@id\":\"https:\\\/\\\/neigeinterieure.fr\\\/?p=3251\\\/#articleImage\"},\"datePublished\":\"2025-07-29T16:53:46+00:00\",\"dateModified\":\"2025-07-29T16:54:13+00:00\",\"inLanguage\":\"fr-FR\",\"mainEntityOfPage\":{\"@id\":\"https:\\\/\\\/neigeinterieure.fr\\\/?p=3251#webpage\"},\"isPartOf\":{\"@id\":\"https:\\\/\\\/neigeinterieure.fr\\\/?p=3251#webpage\"},\"articleSection\":\"notes XVIII. La Poudre aux yeux\"},{\"@type\":\"BreadcrumbList\",\"@id\":\"https:\\\/\\\/neigeinterieure.fr\\\/?p=3251#breadcrumblist\",\"itemListElement\":[{\"@type\":\"ListItem\",\"@id\":\"https:\\\/\\\/neigeinterieure.fr#listItem\",\"position\":1,\"name\":\"Home\",\"item\":\"https:\\\/\\\/neigeinterieure.fr\",\"nextItem\":{\"@type\":\"ListItem\",\"@id\":\"https:\\\/\\\/neigeinterieure.fr\\\/?cat=13#listItem\",\"name\":\"notes XVIII. La Poudre aux yeux\"}},{\"@type\":\"ListItem\",\"@id\":\"https:\\\/\\\/neigeinterieure.fr\\\/?cat=13#listItem\",\"position\":2,\"name\":\"notes XVIII. La Poudre aux yeux\",\"item\":\"https:\\\/\\\/neigeinterieure.fr\\\/?cat=13\",\"nextItem\":{\"@type\":\"ListItem\",\"@id\":\"https:\\\/\\\/neigeinterieure.fr\\\/?p=3251#listItem\",\"name\":\"Samedi 28 juillet 2000, Nantes\"},\"previousItem\":{\"@type\":\"ListItem\",\"@id\":\"https:\\\/\\\/neigeinterieure.fr#listItem\",\"name\":\"Home\"}},{\"@type\":\"ListItem\",\"@id\":\"https:\\\/\\\/neigeinterieure.fr\\\/?p=3251#listItem\",\"position\":3,\"name\":\"Samedi 28 juillet 2000, Nantes\",\"previousItem\":{\"@type\":\"ListItem\",\"@id\":\"https:\\\/\\\/neigeinterieure.fr\\\/?cat=13#listItem\",\"name\":\"notes XVIII. La Poudre aux yeux\"}}]},{\"@type\":\"Person\",\"@id\":\"https:\\\/\\\/neigeinterieure.fr\\\/#person\",\"name\":\"Fran\\u00e7ois Balogh\",\"image\":{\"@type\":\"ImageObject\",\"@id\":\"https:\\\/\\\/neigeinterieure.fr\\\/?p=3251#personImage\",\"url\":\"https:\\\/\\\/secure.gravatar.com\\\/avatar\\\/3d0a4e448294fd898432b07f68e88e428274675fd33279d8b6464c84b878a547?s=96&d=mm&r=g\",\"width\":96,\"height\":96,\"caption\":\"Fran\\u00e7ois Balogh\"}},{\"@type\":\"Person\",\"@id\":\"https:\\\/\\\/neigeinterieure.fr\\\/?author=1#author\",\"url\":\"https:\\\/\\\/neigeinterieure.fr\\\/?author=1\",\"name\":\"Fran\\u00e7ois Balogh\",\"image\":{\"@type\":\"ImageObject\",\"@id\":\"https:\\\/\\\/neigeinterieure.fr\\\/?p=3251#authorImage\",\"url\":\"https:\\\/\\\/secure.gravatar.com\\\/avatar\\\/3d0a4e448294fd898432b07f68e88e428274675fd33279d8b6464c84b878a547?s=96&d=mm&r=g\",\"width\":96,\"height\":96,\"caption\":\"Fran\\u00e7ois Balogh\"}},{\"@type\":\"WebPage\",\"@id\":\"https:\\\/\\\/neigeinterieure.fr\\\/?p=3251#webpage\",\"url\":\"https:\\\/\\\/neigeinterieure.fr\\\/?p=3251\",\"name\":\"Samedi 28 juillet 2000, Nantes - Neige int\\u00e9rieure\",\"description\":\"Pour m\\u2019aider \\u00e0 ne pas trop d\\u00e9sesp\\u00e9rer lorsque mon travail n\\u2019avance pas (dans ces cas-l\\u00e0, me vient sans cesse \\u00e0 l\\u2019esprit l\\u2019id\\u00e9e de me planter un bambou pointu dans le ventre \\u2014 je ne sais pas pourquoi cette id\\u00e9e-l\\u00e0 pr\\u00e9cis\\u00e9ment), le docteur Moreau m\\u2019a propos\\u00e9 un anti-d\\u00e9presseur. J\\u2019ai h\\u00e9sit\\u00e9, puis ai fini par accepter un\",\"inLanguage\":\"fr-FR\",\"isPartOf\":{\"@id\":\"https:\\\/\\\/neigeinterieure.fr\\\/#website\"},\"breadcrumb\":{\"@id\":\"https:\\\/\\\/neigeinterieure.fr\\\/?p=3251#breadcrumblist\"},\"author\":{\"@id\":\"https:\\\/\\\/neigeinterieure.fr\\\/?author=1#author\"},\"creator\":{\"@id\":\"https:\\\/\\\/neigeinterieure.fr\\\/?author=1#author\"},\"datePublished\":\"2025-07-29T16:53:46+00:00\",\"dateModified\":\"2025-07-29T16:54:13+00:00\"},{\"@type\":\"WebSite\",\"@id\":\"https:\\\/\\\/neigeinterieure.fr\\\/#website\",\"url\":\"https:\\\/\\\/neigeinterieure.fr\\\/\",\"name\":\"Neige int\\u00e9rieure\",\"description\":\"les carnets de Fran\\u00e7ois Balogh\",\"inLanguage\":\"fr-FR\",\"publisher\":{\"@id\":\"https:\\\/\\\/neigeinterieure.fr\\\/#person\"}}]}\n\t\t<\/script>\n\t\t<!-- All in One SEO -->\n\n","aioseo_head_json":{"title":"Samedi 28 juillet 2000, Nantes - Neige int\u00e9rieure","description":"Pour m\u2019aider \u00e0 ne pas trop d\u00e9sesp\u00e9rer lorsque mon travail n\u2019avance pas (dans ces cas-l\u00e0, me vient sans cesse \u00e0 l\u2019esprit l\u2019id\u00e9e de me planter un bambou pointu dans le ventre \u2014 je ne sais pas pourquoi cette id\u00e9e-l\u00e0 pr\u00e9cis\u00e9ment), le docteur Moreau m\u2019a propos\u00e9 un anti-d\u00e9presseur. J\u2019ai h\u00e9sit\u00e9, puis ai fini par accepter un","canonical_url":"https:\/\/neigeinterieure.fr\/?p=3251","robots":"max-image-preview:large","keywords":"","webmasterTools":{"miscellaneous":""},"schema":{"@context":"https:\/\/schema.org","@graph":[{"@type":"BlogPosting","@id":"https:\/\/neigeinterieure.fr\/?p=3251#blogposting","name":"Samedi 28 juillet 2000, Nantes - Neige int\u00e9rieure","headline":"Samedi 28 juillet 2000, Nantes","author":{"@id":"https:\/\/neigeinterieure.fr\/?author=1#author"},"publisher":{"@id":"https:\/\/neigeinterieure.fr\/#person"},"image":{"@type":"ImageObject","url":"https:\/\/neigeinterieure.fr\/wp-content\/uploads\/2025\/07\/Capture-decran-2025-07-29-a-18.52.24-643x1024.png","@id":"https:\/\/neigeinterieure.fr\/?p=3251\/#articleImage"},"datePublished":"2025-07-29T16:53:46+00:00","dateModified":"2025-07-29T16:54:13+00:00","inLanguage":"fr-FR","mainEntityOfPage":{"@id":"https:\/\/neigeinterieure.fr\/?p=3251#webpage"},"isPartOf":{"@id":"https:\/\/neigeinterieure.fr\/?p=3251#webpage"},"articleSection":"notes XVIII. La Poudre aux yeux"},{"@type":"BreadcrumbList","@id":"https:\/\/neigeinterieure.fr\/?p=3251#breadcrumblist","itemListElement":[{"@type":"ListItem","@id":"https:\/\/neigeinterieure.fr#listItem","position":1,"name":"Home","item":"https:\/\/neigeinterieure.fr","nextItem":{"@type":"ListItem","@id":"https:\/\/neigeinterieure.fr\/?cat=13#listItem","name":"notes XVIII. La Poudre aux yeux"}},{"@type":"ListItem","@id":"https:\/\/neigeinterieure.fr\/?cat=13#listItem","position":2,"name":"notes XVIII. La Poudre aux yeux","item":"https:\/\/neigeinterieure.fr\/?cat=13","nextItem":{"@type":"ListItem","@id":"https:\/\/neigeinterieure.fr\/?p=3251#listItem","name":"Samedi 28 juillet 2000, Nantes"},"previousItem":{"@type":"ListItem","@id":"https:\/\/neigeinterieure.fr#listItem","name":"Home"}},{"@type":"ListItem","@id":"https:\/\/neigeinterieure.fr\/?p=3251#listItem","position":3,"name":"Samedi 28 juillet 2000, Nantes","previousItem":{"@type":"ListItem","@id":"https:\/\/neigeinterieure.fr\/?cat=13#listItem","name":"notes XVIII. La Poudre aux yeux"}}]},{"@type":"Person","@id":"https:\/\/neigeinterieure.fr\/#person","name":"Fran\u00e7ois Balogh","image":{"@type":"ImageObject","@id":"https:\/\/neigeinterieure.fr\/?p=3251#personImage","url":"https:\/\/secure.gravatar.com\/avatar\/3d0a4e448294fd898432b07f68e88e428274675fd33279d8b6464c84b878a547?s=96&d=mm&r=g","width":96,"height":96,"caption":"Fran\u00e7ois Balogh"}},{"@type":"Person","@id":"https:\/\/neigeinterieure.fr\/?author=1#author","url":"https:\/\/neigeinterieure.fr\/?author=1","name":"Fran\u00e7ois Balogh","image":{"@type":"ImageObject","@id":"https:\/\/neigeinterieure.fr\/?p=3251#authorImage","url":"https:\/\/secure.gravatar.com\/avatar\/3d0a4e448294fd898432b07f68e88e428274675fd33279d8b6464c84b878a547?s=96&d=mm&r=g","width":96,"height":96,"caption":"Fran\u00e7ois Balogh"}},{"@type":"WebPage","@id":"https:\/\/neigeinterieure.fr\/?p=3251#webpage","url":"https:\/\/neigeinterieure.fr\/?p=3251","name":"Samedi 28 juillet 2000, Nantes - Neige int\u00e9rieure","description":"Pour m\u2019aider \u00e0 ne pas trop d\u00e9sesp\u00e9rer lorsque mon travail n\u2019avance pas (dans ces cas-l\u00e0, me vient sans cesse \u00e0 l\u2019esprit l\u2019id\u00e9e de me planter un bambou pointu dans le ventre \u2014 je ne sais pas pourquoi cette id\u00e9e-l\u00e0 pr\u00e9cis\u00e9ment), le docteur Moreau m\u2019a propos\u00e9 un anti-d\u00e9presseur. J\u2019ai h\u00e9sit\u00e9, puis ai fini par accepter un","inLanguage":"fr-FR","isPartOf":{"@id":"https:\/\/neigeinterieure.fr\/#website"},"breadcrumb":{"@id":"https:\/\/neigeinterieure.fr\/?p=3251#breadcrumblist"},"author":{"@id":"https:\/\/neigeinterieure.fr\/?author=1#author"},"creator":{"@id":"https:\/\/neigeinterieure.fr\/?author=1#author"},"datePublished":"2025-07-29T16:53:46+00:00","dateModified":"2025-07-29T16:54:13+00:00"},{"@type":"WebSite","@id":"https:\/\/neigeinterieure.fr\/#website","url":"https:\/\/neigeinterieure.fr\/","name":"Neige int\u00e9rieure","description":"les carnets de Fran\u00e7ois Balogh","inLanguage":"fr-FR","publisher":{"@id":"https:\/\/neigeinterieure.fr\/#person"}}]},"og:locale":"fr_FR","og:site_name":"Neige int\u00e9rieure - les carnets de Fran\u00e7ois Balogh","og:type":"article","og:title":"Samedi 28 juillet 2000, Nantes - Neige int\u00e9rieure","og:description":"Pour m\u2019aider \u00e0 ne pas trop d\u00e9sesp\u00e9rer lorsque mon travail n\u2019avance pas (dans ces cas-l\u00e0, me vient sans cesse \u00e0 l\u2019esprit l\u2019id\u00e9e de me planter un bambou pointu dans le ventre \u2014 je ne sais pas pourquoi cette id\u00e9e-l\u00e0 pr\u00e9cis\u00e9ment), le docteur Moreau m\u2019a propos\u00e9 un anti-d\u00e9presseur. J\u2019ai h\u00e9sit\u00e9, puis ai fini par accepter un","og:url":"https:\/\/neigeinterieure.fr\/?p=3251","article:published_time":"2025-07-29T16:53:46+00:00","article:modified_time":"2025-07-29T16:54:13+00:00","twitter:card":"summary","twitter:title":"Samedi 28 juillet 2000, Nantes - Neige int\u00e9rieure","twitter:description":"Pour m\u2019aider \u00e0 ne pas trop d\u00e9sesp\u00e9rer lorsque mon travail n\u2019avance pas (dans ces cas-l\u00e0, me vient sans cesse \u00e0 l\u2019esprit l\u2019id\u00e9e de me planter un bambou pointu dans le ventre \u2014 je ne sais pas pourquoi cette id\u00e9e-l\u00e0 pr\u00e9cis\u00e9ment), le docteur Moreau m\u2019a propos\u00e9 un anti-d\u00e9presseur. J\u2019ai h\u00e9sit\u00e9, puis ai fini par accepter un"},"aioseo_meta_data":{"post_id":"3251","title":null,"description":null,"keywords":null,"keyphrases":{"focus":{"keyphrase":"","score":0,"analysis":{"keyphraseInTitle":{"score":0,"maxScore":9,"error":1}}},"additional":[]},"primary_term":null,"canonical_url":null,"og_title":null,"og_description":null,"og_object_type":"default","og_image_type":"default","og_image_url":null,"og_image_width":null,"og_image_height":null,"og_image_custom_url":null,"og_image_custom_fields":null,"og_video":"","og_custom_url":null,"og_article_section":null,"og_article_tags":null,"twitter_use_og":false,"twitter_card":"default","twitter_image_type":"default","twitter_image_url":null,"twitter_image_custom_url":null,"twitter_image_custom_fields":null,"twitter_title":null,"twitter_description":null,"schema":{"blockGraphs":[],"customGraphs":[],"default":{"data":{"Article":[],"Course":[],"Dataset":[],"FAQPage":[],"Movie":[],"Person":[],"Product":[],"ProductReview":[],"Car":[],"Recipe":[],"Service":[],"SoftwareApplication":[],"WebPage":[]},"graphName":"BlogPosting","isEnabled":true},"graphs":[]},"schema_type":"default","schema_type_options":null,"pillar_content":false,"robots_default":true,"robots_noindex":false,"robots_noarchive":false,"robots_nosnippet":false,"robots_nofollow":false,"robots_noimageindex":false,"robots_noodp":false,"robots_notranslate":false,"robots_max_snippet":"-1","robots_max_videopreview":"-1","robots_max_imagepreview":"large","priority":null,"frequency":"default","local_seo":null,"breadcrumb_settings":null,"limit_modified_date":false,"ai":{"faqs":[],"keyPoints":[],"titles":[],"descriptions":[],"socialPosts":{"email":[],"linkedin":[],"twitter":[],"facebook":[],"instagram":[]}},"created":"2025-07-29 16:53:46","updated":"2025-07-29 18:16:19","seo_analyzer_scan_date":null,"focus_keyword":null,"additional_keywords":null,"truseo_locale":null},"aioseo_breadcrumb":"<div class=\"aioseo-breadcrumbs\"><span class=\"aioseo-breadcrumb\">\n\t\t\t<a href=\"https:\/\/neigeinterieure.fr\" title=\"Home\">Home<\/a>\n\t\t<\/span><span class=\"aioseo-breadcrumb-separator\">&raquo;<\/span><span class=\"aioseo-breadcrumb\">\n\t\t\t<a href=\"https:\/\/neigeinterieure.fr\/?cat=13\" title=\"notes XVIII. La Poudre aux yeux\">notes XVIII. La Poudre aux yeux<\/a>\n\t\t<\/span><span class=\"aioseo-breadcrumb-separator\">&raquo;<\/span><span class=\"aioseo-breadcrumb\">\n\t\t\tSamedi 28 juillet 2000, Nantes\n\t\t<\/span><\/div>","aioseo_breadcrumb_json":[{"label":"Home","link":"https:\/\/neigeinterieure.fr"},{"label":"notes XVIII. La Poudre aux yeux","link":"https:\/\/neigeinterieure.fr\/?cat=13"},{"label":"Samedi 28 juillet 2000, Nantes","link":"https:\/\/neigeinterieure.fr\/?p=3251"}],"_links":{"self":[{"href":"https:\/\/neigeinterieure.fr\/index.php?rest_route=\/wp\/v2\/posts\/3251","targetHints":{"allow":["GET"]}}],"collection":[{"href":"https:\/\/neigeinterieure.fr\/index.php?rest_route=\/wp\/v2\/posts"}],"about":[{"href":"https:\/\/neigeinterieure.fr\/index.php?rest_route=\/wp\/v2\/types\/post"}],"author":[{"embeddable":true,"href":"https:\/\/neigeinterieure.fr\/index.php?rest_route=\/wp\/v2\/users\/1"}],"replies":[{"embeddable":true,"href":"https:\/\/neigeinterieure.fr\/index.php?rest_route=%2Fwp%2Fv2%2Fcomments&post=3251"}],"version-history":[{"count":2,"href":"https:\/\/neigeinterieure.fr\/index.php?rest_route=\/wp\/v2\/posts\/3251\/revisions"}],"predecessor-version":[{"id":3254,"href":"https:\/\/neigeinterieure.fr\/index.php?rest_route=\/wp\/v2\/posts\/3251\/revisions\/3254"}],"wp:attachment":[{"href":"https:\/\/neigeinterieure.fr\/index.php?rest_route=%2Fwp%2Fv2%2Fmedia&parent=3251"}],"wp:term":[{"taxonomy":"category","embeddable":true,"href":"https:\/\/neigeinterieure.fr\/index.php?rest_route=%2Fwp%2Fv2%2Fcategories&post=3251"},{"taxonomy":"post_tag","embeddable":true,"href":"https:\/\/neigeinterieure.fr\/index.php?rest_route=%2Fwp%2Fv2%2Ftags&post=3251"}],"curies":[{"name":"wp","href":"https:\/\/api.w.org\/{rel}","templated":true}]}}